{"id":62459,"date":"2018-02-20T00:00:00","date_gmt":"2018-02-20T06:00:00","guid":{"rendered":"https:\/\/dralvarez.com.mx\/larevista\/blog\/gobernador-amc-garantiza-cobertura-del-100-por-ciento-de-electrificacion-del-estado-22190"},"modified":"2018-02-20T00:00:00","modified_gmt":"2018-02-20T06:00:00","slug":"gobernador-amc-garantiza-cobertura-del-100-por-ciento-de-electrificacion-del-estado-22190","status":"publish","type":"post","link":"https:\/\/dralvarez.com.mx\/larevista\/compeche\/gobernador-amc-garantiza-cobertura-del-100-por-ciento-de-electrificacion-del-estado-22190","title":{"rendered":"Gobernador AMC garantiza cobertura del 100 por ciento de electrificaci\u00f3n del estado"},"content":{"rendered":"<p>El compromiso del gobernador Alejandro Moreno C\u00e1rdenas de alcanzar la cobertura total del estado en materia de electrificaci\u00f3n lograr\u00e1 este a\u00f1o el cumplimiento del 99 por ciento, al invertirse entre 2016 y 2018, m\u00e1s de 180 millones de pesos para dotar de fluido el\u00e9ctrico a cerca de siete mil familias de 238 localidades, por lo que antes de que termine la gesti\u00f3n estatal la meta se habr\u00e1 conseguido.<\/p>\n<p>As\u00ed qued\u00f3 de manifiesto durante la presentaci\u00f3n del Fondo de Servicio Universal El\u00e9ctrico (FSUE), donde el secretario de Energ\u00eda, Pedro Joaqu\u00edn Coldwell, precis\u00f3 que tan s\u00f3lo este a\u00f1o se invertir\u00e1n 91 millones de pesos para llevar electricidad a m\u00e1s de nueve mil 635 personas que habitan en dos mil 294 viviendas de 112 localidades.<\/p>\n<p>Acompa\u00f1ado del mandatario estatal, el funcionario federal se\u00f1al\u00f3 que entre el 2016 y 2017, se destinaron 89 millones de pesos, para dotar de electrificaci\u00f3n a cuatro mil 285 viviendas de 126 localidades. <\/p>\n<p>Dijo que por instrucciones del presidente Enrique Pe\u00f1a Nieto, adem\u00e1s de lo proyectado se atender\u00e1n otras necesidades que se tengan. \u201cSi adem\u00e1s de estos proyectos que ya estamos hablando hay m\u00e1s necesidades que est\u00e9n en estos casos, hay atenci\u00f3n total para Campeche, no queremos que ning\u00fan campechano se quede sin acceso a la electricidad\u201d, anot\u00f3.<\/p>\n<p>En su intervenci\u00f3n, el secretario de Energ\u00eda a\u00f1adi\u00f3 que el Fondo fue creado para reducir la pobreza energ\u00e9tica, ya que su objetivo es llevar la electricidad a las comunidades rurales m\u00e1s alejadas y zonas urbanas marginadas que no cuentan con este servicio.<\/p>\n<p>Dijo que actualmente en el pa\u00eds se tiene una cobertura del 98.6 por ciento, y antes de que concluya la administraci\u00f3n federal se llevar\u00e1 el servicio el\u00e9ctrico a 500 mil habitantes m\u00e1s.<\/p>\n<p>Por su parte, Moreno C\u00e1rdenas asegur\u00f3 que desde el primer d\u00eda de su gobierno uno de sus compromisos fundamentales fue fortalecer el sector energ\u00e9tico y llevar electricidad a todos los campechanos.<\/p>\n<p>Sostuvo que el presidente Pe\u00f1a Nieto desde el inicio de su administraci\u00f3n ha apoyado a Campeche como nunca, pues le ha dado m\u00e1s del doble de recursos que las \u00faltimas dos administraciones federales. \u201cAl presidente Enrique Pe\u00f1a Nieto en Campeche se le quiere, se le aprecia, se le respeta por la gran disposici\u00f3n que ha tenido y por el gran apoyo que nos ha dado\u201d, asever\u00f3. <\/p>\n<p>A\u00f1adi\u00f3 que la inversi\u00f3n de m\u00e1s de 180 millones de pesos que se ha realizado a trav\u00e9s del Fondo de Servicio Universal El\u00e9ctrico,  en beneficio de alrededor de siete mil familias de 238 comunidades, permite alcanzar este a\u00f1o una cobertura del 99 por ciento, y asegur\u00f3 que antes de que concluya su gesti\u00f3n, el compromiso de tener cubierto el 100 por ciento del estado, se habr\u00e1 cumplido.<\/p>\n<p>Entre los asistentes estuvieron presentes, el subsecretario de Electricidad de la Sener, Fernando Zendejas Reyes; los alcaldes de Champot\u00f3n, Ra\u00fal Uribe Haydar; de Hopelch\u00e9n, Ignacio Espa\u00f1a Novelo; Tenabo, Jos\u00e9 Francisco L\u00f3pez Ku, y de Esc\u00e1rcega, Carlos Coll\u00ed Cuevas; as\u00ed como funcionarios de los tres \u00f3rdenes de gobierno, representantes acad\u00e9micos y del sector empresarial. <\/p>\n","protected":false},"excerpt":{"rendered":"<p>Entre 2016 y 2018 se habr\u00e1n destinado m\u00e1s de 180 mdp.<\/p>\n","protected":false},"author":1018,"featured_media":0,"comment_status":"open","ping_status":"open","sticky":false,"template":"","format":"standard","meta":{"tdm_status":"","tdm_grid_status":"","footnotes":""},"categories":[27],"tags":[],"_links":{"self":[{"href":"https:\/\/dralvarez.com.mx\/larevista\/wp-json\/wp\/v2\/posts\/62459"}],"collection":[{"href":"https:\/\/dralvarez.com.mx\/larevista\/wp-json\/wp\/v2\/posts"}],"about":[{"href":"https:\/\/dralvarez.com.mx\/larevista\/wp-json\/wp\/v2\/types\/post"}],"author":[{"embeddable":true,"href":"https:\/\/dralvarez.com.mx\/larevista\/wp-json\/wp\/v2\/users\/1018"}],"replies":[{"embeddable":true,"href":"https:\/\/dralvarez.com.mx\/larevista\/wp-json\/wp\/v2\/comments?post=62459"}],"version-history":[{"count":0,"href":"https:\/\/dralvarez.com.mx\/larevista\/wp-json\/wp\/v2\/posts\/62459\/revisions"}],"wp:attachment":[{"href":"https:\/\/dralvarez.com.mx\/larevista\/wp-json\/wp\/v2\/media?parent=62459"}],"wp:term":[{"taxonomy":"category","embeddable":true,"href":"https:\/\/dralvarez.com.mx\/larevista\/wp-json\/wp\/v2\/categories?post=62459"},{"taxonomy":"post_tag","embeddable":true,"href":"https:\/\/dralvarez.com.mx\/larevista\/wp-json\/wp\/v2\/tags?post=62459"}],"curies":[{"name":"wp","href":"https:\/\/api.w.org\/{rel}","templated":true}]}}