{"id":62446,"date":"2018-02-19T00:00:00","date_gmt":"2018-02-19T06:00:00","guid":{"rendered":"https:\/\/dralvarez.com.mx\/larevista\/blog\/aun-existen-planteles-con-cupos-disponibles-ultimo-periodo-de-preinscripciones-en-linea-avanza-con-exito-seduc-22176"},"modified":"2018-02-19T00:00:00","modified_gmt":"2018-02-19T06:00:00","slug":"aun-existen-planteles-con-cupos-disponibles-ultimo-periodo-de-preinscripciones-en-linea-avanza-con-exito-seduc-22176","status":"publish","type":"post","link":"https:\/\/dralvarez.com.mx\/larevista\/compeche\/aun-existen-planteles-con-cupos-disponibles-ultimo-periodo-de-preinscripciones-en-linea-avanza-con-exito-seduc-22176","title":{"rendered":"A\u00fan existen planteles con cupos disponibles, \u00faltimo periodo de preinscripciones en l\u00ednea avanza con \u00e9xito: SEDUC"},"content":{"rendered":"<p>En los centros escolares de las entidades y localidades participantes del proceso de \u201cPreinscripciones en L\u00ednea\u201d a\u00fan se cuenta con espacios disponibles, por lo que existe garant\u00eda de cupo para que todos los ni\u00f1os, ni\u00f1as y j\u00f3venes del Estado puedan seguir estudiando, asegur\u00f3 el jefe del departamento de Registro y Certificaci\u00f3n de la Secretar\u00eda de Educaci\u00f3n (SEDUC), Alejandro Gallegos Valdez, quien indic\u00f3 que hasta la fecha se lleva un registro de m\u00e1s de 21 mil alumnos, en los diferentes per\u00edodos habilitados.<\/p>\n<p>El funcionario estatal se\u00f1al\u00f3 que el pasado 14 de febrero a las 09:00 horas dio inicio el periodo denominado de inscripci\u00f3n \u201cGeneral\u201d, en el que las madres, padres de familia y\/o tutores pueden seleccionar el plantel que, de acuerdo con sus necesidades, sea el mejor para sus hijos, siempre y cuando \u00e9ste cuente con cupo disponible; y de esta forma, al \u00faltimo reporte, se consolid\u00f3 el registro del 88 por ciento del total de la matr\u00edcula pronosticada a captar en esta modalidad.<\/p>\n<p>De tal forma, Gallegos Valdez indic\u00f3 que esto representa un exitoso avance de este proceso, en tanto que tan solo en las primeras horas del \u00faltimo periodo se tuvo un total de mil 684 registros. En este sentido, refiri\u00f3 que, en total desde el pasado 01 de febrero al d\u00eda de hoy, se ha logrado captar a un total de 21 mil 328 alumnos de las 13 localidades participantes de esta modalidad.<\/p>\n<p>Gallegos Valdez record\u00f3 que para quienes no puedan concretar su registro en alguno de los cuatro periodos, se tendr\u00e1 una \u00faltima oportunidad misma que iniciar\u00e1 a partir del 19 y hasta el 25 de febrero, tiempo en que se habilitar\u00e1 el periodo de los \u201cNo preinscritos\u201d, donde las personas que no hayan cumplido, podr\u00e1n concretar la preinscripci\u00f3n de sus hijos.<\/p>\n<p>En este sentido, dijo que los padres de los menores interesados podr\u00e1n se\u00f1alar alg\u00fan plantel para concretar el tr\u00e1mite y se analizar\u00eda su situaci\u00f3n de manera particular para que, finalmente, la SEDUC le proporcione opciones viables al padre de familia para que el menor contin\u00fae su educaci\u00f3n.<\/p>\n<p>Finalmente, el representante de la SEDUC hizo una invitaci\u00f3n a los padres de familia a que revisen constantemente la p\u00e1gina <a target=\"_blank\" rel=\"nofollow noopener\" href=\"http:\/\/www.preinscripcionescampeche.gob.mx\">www.preinscripcionescampeche.gob.mx<\/a>  y la app de Consulta Escolar donde pueden consultar en tiempo real los espacios que a\u00fan se encuentran disponibles.<\/p>\n","protected":false},"excerpt":{"rendered":"<p>*Se llevan m\u00e1s de 21 mil registros de los diferentes periodos.<\/p>\n","protected":false},"author":1018,"featured_media":0,"comment_status":"open","ping_status":"open","sticky":false,"template":"","format":"standard","meta":{"tdm_status":"","tdm_grid_status":"","footnotes":""},"categories":[27],"tags":[],"_links":{"self":[{"href":"https:\/\/dralvarez.com.mx\/larevista\/wp-json\/wp\/v2\/posts\/62446"}],"collection":[{"href":"https:\/\/dralvarez.com.mx\/larevista\/wp-json\/wp\/v2\/posts"}],"about":[{"href":"https:\/\/dralvarez.com.mx\/larevista\/wp-json\/wp\/v2\/types\/post"}],"author":[{"embeddable":true,"href":"https:\/\/dralvarez.com.mx\/larevista\/wp-json\/wp\/v2\/users\/1018"}],"replies":[{"embeddable":true,"href":"https:\/\/dralvarez.com.mx\/larevista\/wp-json\/wp\/v2\/comments?post=62446"}],"version-history":[{"count":0,"href":"https:\/\/dralvarez.com.mx\/larevista\/wp-json\/wp\/v2\/posts\/62446\/revisions"}],"wp:attachment":[{"href":"https:\/\/dralvarez.com.mx\/larevista\/wp-json\/wp\/v2\/media?parent=62446"}],"wp:term":[{"taxonomy":"category","embeddable":true,"href":"https:\/\/dralvarez.com.mx\/larevista\/wp-json\/wp\/v2\/categories?post=62446"},{"taxonomy":"post_tag","embeddable":true,"href":"https:\/\/dralvarez.com.mx\/larevista\/wp-json\/wp\/v2\/tags?post=62446"}],"curies":[{"name":"wp","href":"https:\/\/api.w.org\/{rel}","templated":true}]}}