{"id":62445,"date":"2018-02-19T00:00:00","date_gmt":"2018-02-19T06:00:00","guid":{"rendered":"https:\/\/dralvarez.com.mx\/larevista\/blog\/inicia-venta-de-pescado-a-bajo-costo-como-parte-de-la-feria-de-cuaresma-2018-del-proyecto-gran-feria-familiar-alimentaria-22175"},"modified":"2018-02-19T00:00:00","modified_gmt":"2018-02-19T06:00:00","slug":"inicia-venta-de-pescado-a-bajo-costo-como-parte-de-la-feria-de-cuaresma-2018-del-proyecto-gran-feria-familiar-alimentaria-22175","status":"publish","type":"post","link":"https:\/\/dralvarez.com.mx\/larevista\/compeche\/inicia-venta-de-pescado-a-bajo-costo-como-parte-de-la-feria-de-cuaresma-2018-del-proyecto-gran-feria-familiar-alimentaria-22175","title":{"rendered":"Inicia venta de pescado a bajo costo como parte de la feria de cuaresma 2018, del proyecto \u201cGran feria familiar alimentaria\u201d"},"content":{"rendered":"<p>\u201cLa Feria de Cuaresma 2018, del proyecto \u201cGran Feria Familiar Alimentaria\u201d, busca fortalecer la econom\u00eda de las familias, al brindar productos b\u00e1sicos a muy bajo costo, en un ambiente de sana convivencia familiar y de aprendizaje para la producci\u00f3n de alimentos en huertos familiares, mejorando la seguridad alimentaria en nuestro Estado\u201d, se\u00f1al\u00f3 la Directora General del DIF, Silvia Elena Parrao Arceo.<\/p>\n<p>En representaci\u00f3n de la Presidenta del Patronato del DIF Estatal, Christelle Casta\u00f1\u00f3n de Moreno, Parrao Arceo inaugur\u00f3 la Feria, que en esta ocasi\u00f3n se realiz\u00f3 en el municipio de Hopelch\u00e9n permitiendo que las familias cheneras tengan acceso al producto marino, debido a que viven alejadas de la costa.<\/p>\n<p>Desde temprana hora, los lugare\u00f1os, de manera ordenada, se formaron en filas de las mesas ubicadas en la cancha \u201cUt AanKaaj\u201d, donde se  cont\u00f3 con un total mil kilogramos de venta, a 17 pesos el kilo y se donaron 260 kilos a cinco instituciones de asistencia. <\/p>\n<p>Cabe se\u00f1alar que en el evento participan diversas instancias federales y estatales, brindando orientaci\u00f3n de salud, higiene y producci\u00f3n de huertos a los pobladores de Hopelch\u00e9n y habitantes de localidades cercanas que asistieron, con el objetivo de fomentar  sus h\u00e1bitos para una alimentaci\u00f3n saludable.<\/p>\n<p>Asimismo, en el evento estuvieron presentes el Gerente Nacional Comercial de Diconsa, Ra\u00fal Cant\u00fan;  el Presidente municipal y su esposa, la Patronato del DIF Hopelch\u00e9n, Jos\u00e9 Ignacio Espa\u00f1a Novelo y Glendy Espa\u00f1a de Espa\u00f1a, respectivamente, quienes agradecieron el haber llevado la feria en beneficio de estos pobladores, representando un aliciente para su econom\u00eda, a la vez  que disfrutaron de este alimento que contiene una fuente de importante de nutrientes.<\/p>\n<p>Como parte de la feria, del  23 de febrero al 16 de  marzo se instalar\u00e1n puntos de venta en los Centros de Desarrollo Comunitario (CDC), donde vender\u00e1 producto de mar y  hortalizas en beneficio de las familias de esas colonias.<\/p>\n<p>Posterior al corte del list\u00f3n inaugural, Parrao Arceo, acompa\u00f1ada por la Directora de Asistencia Alimentaria y Desarrollo Comunitario, Ruth Ebergengy V\u00e1zquez, y dem\u00e1s autoridades, recorri\u00f3 los stands que instalaron los proveedores, donde se expusieron las alternativas de comer sano, variado y nutritivo, felicitando a los 15 proveedores de las instituciones participantes.<\/p>\n<p>El DIF Estatal agradeci\u00f3 a las instituciones participantes: Universidad \u201cGuadalupe Victoria\u201d, Secretaria de Desarrollo Social (SEDESOL), Liconsa, Diconsa, Secretaria de Pesca y Acuacultura (SEPESCA), Secretaria de Salud, Secretaria de Desarrollo Rural (SDR), Secretaria de Desarrollo Social y Humano (SEDESYH), Universidad Aut\u00f3noma de Campeche (UAC), Secretaria Agricultura, Ganader\u00eda, Desarrollo Rural, Pesca y Alimentaci\u00f3n (SAGARPA), Administraci\u00f3n Portuaria Integral de Campeche (APICAM), Secretaria de Medio Ambiente y Recursos Naturales (SEMARNATCAM), Procuradur\u00eda Federal del Consumidor (PROFECO), Secretar\u00eda de Educaci\u00f3n (SEDUC) y la empresa Tunoni.<\/p>\n","protected":false},"excerpt":{"rendered":"<p>Que en esta ocasi\u00f3n se realiz\u00f3 en el municipio de Hopelch\u00e9n.<\/p>\n","protected":false},"author":1018,"featured_media":0,"comment_status":"open","ping_status":"open","sticky":false,"template":"","format":"standard","meta":{"tdm_status":"","tdm_grid_status":"","footnotes":""},"categories":[27],"tags":[],"_links":{"self":[{"href":"https:\/\/dralvarez.com.mx\/larevista\/wp-json\/wp\/v2\/posts\/62445"}],"collection":[{"href":"https:\/\/dralvarez.com.mx\/larevista\/wp-json\/wp\/v2\/posts"}],"about":[{"href":"https:\/\/dralvarez.com.mx\/larevista\/wp-json\/wp\/v2\/types\/post"}],"author":[{"embeddable":true,"href":"https:\/\/dralvarez.com.mx\/larevista\/wp-json\/wp\/v2\/users\/1018"}],"replies":[{"embeddable":true,"href":"https:\/\/dralvarez.com.mx\/larevista\/wp-json\/wp\/v2\/comments?post=62445"}],"version-history":[{"count":0,"href":"https:\/\/dralvarez.com.mx\/larevista\/wp-json\/wp\/v2\/posts\/62445\/revisions"}],"wp:attachment":[{"href":"https:\/\/dralvarez.com.mx\/larevista\/wp-json\/wp\/v2\/media?parent=62445"}],"wp:term":[{"taxonomy":"category","embeddable":true,"href":"https:\/\/dralvarez.com.mx\/larevista\/wp-json\/wp\/v2\/categories?post=62445"},{"taxonomy":"post_tag","embeddable":true,"href":"https:\/\/dralvarez.com.mx\/larevista\/wp-json\/wp\/v2\/tags?post=62445"}],"curies":[{"name":"wp","href":"https:\/\/api.w.org\/{rel}","templated":true}]}}