{"id":62443,"date":"2018-02-19T00:00:00","date_gmt":"2018-02-19T06:00:00","guid":{"rendered":"https:\/\/dralvarez.com.mx\/larevista\/blog\/gobernador-amc-firma-convenio-con-sndif-y-lotenal-incluiran-a-ninos-con-discapacidad-como-ninos-gritones-22173"},"modified":"2018-02-19T00:00:00","modified_gmt":"2018-02-19T06:00:00","slug":"gobernador-amc-firma-convenio-con-sndif-y-lotenal-incluiran-a-ninos-con-discapacidad-como-ninos-gritones-22173","status":"publish","type":"post","link":"https:\/\/dralvarez.com.mx\/larevista\/compeche\/gobernador-amc-firma-convenio-con-sndif-y-lotenal-incluiran-a-ninos-con-discapacidad-como-ninos-gritones-22173","title":{"rendered":"Gobernador AMC firma convenio con SNDIF Y LOTENAL; incluir\u00e1n a ni\u00f1os con discapacidad como \u201cni\u00f1os gritones\u201d"},"content":{"rendered":"<\/p>\n<p><b>CIUDAD DE M\u00c9XICO<\/b>.- El gobernador Alejandro Moreno C\u00e1rdenas,<br \/>\nacompa\u00f1ado de su esposa, Christelle Casta\u00f1\u00f3n de Moreno, suscribi\u00f3 como testigo de<br \/>\nhonor el convenio de colaboraci\u00f3n que el Sistema Nacional para el Desarrollo<br \/>\nIntegral de la Familia (SNDIF), y la Loter\u00eda Nacional y Pron\u00f3sticos para la<br \/>\nAsistencia P\u00fablica (Lotenal), establecieron para incluir a ni\u00f1as y ni\u00f1os con<br \/>\ndiscapacidad y en situaci\u00f3n de vulnerabilidad al equipo de \u201cNi\u00f1os Gritones\u201d, y<br \/>\nacord\u00f3 que Campeche sea el estado anfitri\u00f3n del Sorteo de la Inclusi\u00f3n el<br \/>\npr\u00f3ximo 30 de abril, con motivo del D\u00eda de la Ni\u00f1a y el Ni\u00f1o.<\/p>\n<p>En la Sala de Sorteos de la Lotenal, firmaron el<br \/>\nacuerdo la titular del SNDIF, Laura Barrera Fortoul; el encargado de despacho de la Direcci\u00f3n General de la Lotenal, Eugenio Garza Riva Palacio,<br \/>\ny la titular de la Comisi\u00f3n Nacional para la Integraci\u00f3n de las Personas con<br \/>\nDiscapacidad (Conadis), Mercedes Juan L\u00f3pez.<\/p>\n<p>Durante su intervenci\u00f3n, Moreno C\u00e1rdenas subray\u00f3 el respaldo que el<br \/>\ngobierno federal, a trav\u00e9s del Sistema Nacional DIF,  ha otorgado a Campeche, al tiempo que reconoci\u00f3<br \/>\nel compromiso que esa instituci\u00f3n y la Lotenal tienen por trabajar en favor de<br \/>\nla gente que m\u00e1s lo necesita.<\/p>\n<p>\u201cEs un honor para el Gobierno de Campeche sumarse a este gran esfuerzo y a<br \/>\nlas tareas que ha emprendido la administraci\u00f3n del presidente Enrique Pe\u00f1a<br \/>\nNieto, pues es el momento y el tiempo de trabajar en equipo por nuestro pa\u00eds\u201d,<br \/>\na\u00f1adi\u00f3.<\/p>\n<p>Ante el presidente la asociaci\u00f3n civil \u201cVida Independiente M\u00e9xico\u201d,<br \/>\nSantiago Vel\u00e1zquez Duarte, coment\u00f3 que trabajando de manera coordinada, &nbsp;el Gobierno de Campeche y las instituciones<br \/>\nfederales refuerzan las acciones que contribuyen a construir un mejor horizonte<br \/>\npara las familias mexicanas e impulsar la inclusi\u00f3n.<\/p>\n<p>Por su parte, Garza Riva Palacio indic\u00f3 que el proyecto de incluir a las<br \/>\nni\u00f1as y ni\u00f1os con discapacidad, y en condiciones de vulnerabilidad como \u201cNi\u00f1os<br \/>\nGritones\u201d, surgi\u00f3 de la presidenta del Consejo Ciudadano Consultivo del DIF Nacional,<br \/>\nAng\u00e9lica Rivera de Pe\u00f1a, con el prop\u00f3sito de dignificar la vida de los peque\u00f1os y darles la<br \/>\noportunidad de seguir creciendo en un ambiente de inclusi\u00f3n, cumpliendo con<br \/>\ntareas muy importantes que les dar\u00e1n m\u00e1s herramientas para enfrentar los retos<br \/>\nque la vida les impuso.<\/p>\n<p>Hizo un reconocimiento a Moreno C\u00e1rdenas y a su esposa porque siempre han<br \/>\napoyado las grandes causas que abonan a la edificaci\u00f3n de un M\u00e9xico m\u00e1s justo e<br \/>\nincluyente, y agreg\u00f3 que prueba de ello es que Campeche ser\u00e1 el estado anfitri\u00f3n de un sorteo que se celebrar\u00e1 el pr\u00f3ximo<br \/>\n30 de abril, con motivo del D\u00eda de la Ni\u00f1a y del Ni\u00f1o, y que respaldar\u00e1 la<br \/>\ninclusi\u00f3n de los menores como \u201cemisarios de la fortuna\u201d.<\/p>\n<p>\u201cHoy es un d\u00eda hist\u00f3rico para la Loter\u00eda<br \/>\nNacional, se cumple de nuevo con un compromiso del Presidente de la Republica: El<br \/>\ncompromiso con la inclusi\u00f3n, y la mejor manera de hacerlo patente es incluir a<br \/>\nni\u00f1as y ni\u00f1os con discapacidad o bajo la tutela del DIF, al equipo de ni\u00f1as y<br \/>\nni\u00f1os gritones de la Loter\u00eda Nacional\u201d, se\u00f1al\u00f3.<\/p>\n<p>Precis\u00f3 que para el Sorteo de la<br \/>\nInclusi\u00f3n se lanzar\u00e1 un billete conmemorativo con el tema \u201cInclusi\u00f3n de ni\u00f1os y<br \/>\nni\u00f1as con discapacidad\u201d, con la imagen del parque Infantil Inclusivo \u201cSiglo XXI\u201d,<br \/>\nen Campeche.<\/p><\/p>\n","protected":false},"excerpt":{"rendered":"<p>Acuerda que Campeche sea sede del Sorteo de la Inclusi\u00f3n el pr\u00f3ximo 30 de abril.<\/p>\n","protected":false},"author":1018,"featured_media":0,"comment_status":"open","ping_status":"open","sticky":false,"template":"","format":"standard","meta":{"tdm_status":"","tdm_grid_status":"","footnotes":""},"categories":[27],"tags":[],"_links":{"self":[{"href":"https:\/\/dralvarez.com.mx\/larevista\/wp-json\/wp\/v2\/posts\/62443"}],"collection":[{"href":"https:\/\/dralvarez.com.mx\/larevista\/wp-json\/wp\/v2\/posts"}],"about":[{"href":"https:\/\/dralvarez.com.mx\/larevista\/wp-json\/wp\/v2\/types\/post"}],"author":[{"embeddable":true,"href":"https:\/\/dralvarez.com.mx\/larevista\/wp-json\/wp\/v2\/users\/1018"}],"replies":[{"embeddable":true,"href":"https:\/\/dralvarez.com.mx\/larevista\/wp-json\/wp\/v2\/comments?post=62443"}],"version-history":[{"count":0,"href":"https:\/\/dralvarez.com.mx\/larevista\/wp-json\/wp\/v2\/posts\/62443\/revisions"}],"wp:attachment":[{"href":"https:\/\/dralvarez.com.mx\/larevista\/wp-json\/wp\/v2\/media?parent=62443"}],"wp:term":[{"taxonomy":"category","embeddable":true,"href":"https:\/\/dralvarez.com.mx\/larevista\/wp-json\/wp\/v2\/categories?post=62443"},{"taxonomy":"post_tag","embeddable":true,"href":"https:\/\/dralvarez.com.mx\/larevista\/wp-json\/wp\/v2\/tags?post=62443"}],"curies":[{"name":"wp","href":"https:\/\/api.w.org\/{rel}","templated":true}]}}