{"id":62442,"date":"2018-02-19T00:00:00","date_gmt":"2018-02-19T06:00:00","guid":{"rendered":"https:\/\/dralvarez.com.mx\/larevista\/blog\/una-educacion-de-calidad-abre-las-puertas-para-que-los-jovenes-alcancen-sus-suenos-medina-farfan-22171"},"modified":"2018-02-19T00:00:00","modified_gmt":"2018-02-19T06:00:00","slug":"una-educacion-de-calidad-abre-las-puertas-para-que-los-jovenes-alcancen-sus-suenos-medina-farfan-22171","status":"publish","type":"post","link":"https:\/\/dralvarez.com.mx\/larevista\/compeche\/una-educacion-de-calidad-abre-las-puertas-para-que-los-jovenes-alcancen-sus-suenos-medina-farfan-22171","title":{"rendered":"Una educaci\u00f3n de calidad abre las puertas para que los j\u00f3venes alcancen sus sue\u00f1os: Medina Farf\u00e1n"},"content":{"rendered":"<p>\u201cUna educaci\u00f3n de calidad les permitir\u00e1 a nuestros j\u00f3venes alcanzar mejores condiciones de vida, les permitir\u00e1 un mejor futuro y salir adelante, por ello estamos trabajando para que la educaci\u00f3n en Campeche se consolide como una de las mejores en el pa\u00eds, para que sus clases sean innovadoras, cuenten con material multimedia para consolidar sus conocimientos y con ello est\u00e9n mejor preparados y alcancen todos los objetivos que se propongan\u201d, asegur\u00f3 el titular de la Secretar\u00eda de Educaci\u00f3n de Campeche (SEDUC), Ricardo Medina Farf\u00e1n, al encabezar el inicio del concierto-conferencia \u201cOperaci\u00f3n Felicidad\u201d \u00bfQu\u00e9 hago con mi vida?, y realizar una gira de supervisi\u00f3n de centros educativos de educaci\u00f3n b\u00e1sica en el municipio de Palizada.<\/p>\n<p>En el centro deportivo del Sistema DIF municipal de esta localidad, ante cerca de 450 asistentes entre alumnos y padres de familia, el funcionario estatal recalc\u00f3 el inter\u00e9s del Gobernador Alejandro Moreno C\u00e1rdenas por fortalecer a\u00fan m\u00e1s el trabajo que se realiza en el sector educativo, por lo que precis\u00f3 que este tipo de acciones son fundamentales para reforzar entre los j\u00f3venes el inter\u00e9s por prepararse m\u00e1s, tener rumbo cierto, destino, y salir adelante, en s\u00edntesis, formar j\u00f3venes con una mejor visi\u00f3n de futuro.<\/p>\n<p>Durante su mensaje a los asistentes, el funcionario estatal se\u00f1al\u00f3 que \u201cOperaci\u00f3n Felicidad\u201d en esta edici\u00f3n atender\u00e1 a m\u00e1s de 16 mil estudiantes de nivel preparatoria en los once municipios, a trav\u00e9s del Instituto de Formaci\u00f3n para la Felicidad, encabezado por Josu\u00e9 y Jaffet Bravo, quienes propiciar\u00e1n la reflexi\u00f3n de los alumnos sobre su proyecto de vida mediante mensajes que les dejen aprendizajes positivos para que los apliquen en su vida cotidiana y de esta manera tambi\u00e9n fortalecer los v\u00ednculos familiares en el hogar.<\/p>\n<p>A\u00f1adi\u00f3 que al igual que ocurri\u00f3 en el nivel secundaria, esta gira permitir\u00e1 la conformaci\u00f3n del movimiento de \u201cAlumnos Campeones\u201d (Movimiento ACAMP) que permitir\u00e1 integrar un grupo de j\u00f3venes comprometidos con el cambio en su entorno, para impulsar a sus compa\u00f1eros a alcanzar sus proyectos personales, consolidarse como l\u00edderes y generar acciones en beneficio de su comunidad.<\/p>\n<p>Por otra parte, el titular de la SEDUC anunci\u00f3 que gracias a la alianza con la empresa Google for Education, se iniciar\u00e1 la distribuci\u00f3n de equipos de c\u00f3mputo \u201cChromeBooks\u201d a m\u00e1s de 15 mil estudiantes de bachillerato de 24 instituciones educativas de toda la geograf\u00eda estatal y, en el caso de Palizada, dijo que se arrancar\u00e1 particularmente con el Colegio de Estudios Cient\u00edficos y Tecnol\u00f3gicos (CECYTEC).<\/p>\n<p>Refiri\u00f3 que estos equipos, que se les proporcionar\u00e1n en calidad de pr\u00e9stamo, les ser\u00e1n \u00fatiles para puedan desarrollar sus tareas e investigaciones, para la descarga de material y al mismo tiempo enriquecer su experiencia educativa.<\/p>\n<p>\u201cEsta es una muestra del compromiso del Gobernador Alejandro Moreno C\u00e1rdenas para hacer de la educaci\u00f3n de Campeche una educaci\u00f3n de calidad, que le abra puertas a sus j\u00f3venes; con esto buscamos que las clases que reciben sean distintas, innovadoras, enriquecidas con material multimedia para que sean mejores estudiantes, salgan preparados y entonces puedan alcanzar todos los objetivos que se propongan\u201d, asever\u00f3.<\/p>\n<p>Previamente, Medina Farf\u00e1n realiz\u00f3 un recorrido por la escuela primaria \u201cGregorio Torres Quintero\u201d, en la que se ejecut\u00f3 una inversi\u00f3n cercana a los dos millones de pesos derivados de la construcci\u00f3n de la techumbre de la plaza c\u00edvica, as\u00ed como diversos trabajos de obra civil, y el funcionario estatal se comprometi\u00f3 a seguir trabajando en acciones para el mejoramiento de este centro escolar.<\/p>\n<p>M\u00e1s tarde, tambi\u00e9n visit\u00f3 la Telesecundaria #45 de Santa Isabel, y tras dialogar con padres de familia, personal docente, as\u00ed como estudiantes, se comprometi\u00f3 a iniciar estudios de factibilidad para que durante el presente a\u00f1o pueda dar inicio una ruta del servicio de Transporte Escolar Gratuito \u201cAprender en Grande\u201d, en beneficio de los estudiantes de estas zonas, que a decir de los padres de familia erogan m\u00e1s de 150 pesos diarios para que sus hijos puedan acudir a sus aulas.<\/p>\n<p>Finalmente, recorri\u00f3 la Escuela Secundaria General #6, donde constat\u00f3 las necesidades del plantel, as\u00ed como obtuvo del personal directivo de este colegio las inquietudes y requerimientos, por lo que se comprometi\u00f3 a trabajar para realizar acciones que atiendan y beneficien a la comunidad educativa de este plantel.<\/p>\n","protected":false},"excerpt":{"rendered":"<p>*Inicia la gira \u201cOperaci\u00f3n Felicidad\u201d en Palizada.<\/p>\n","protected":false},"author":1018,"featured_media":0,"comment_status":"open","ping_status":"open","sticky":false,"template":"","format":"standard","meta":{"tdm_status":"","tdm_grid_status":"","footnotes":""},"categories":[27],"tags":[],"_links":{"self":[{"href":"https:\/\/dralvarez.com.mx\/larevista\/wp-json\/wp\/v2\/posts\/62442"}],"collection":[{"href":"https:\/\/dralvarez.com.mx\/larevista\/wp-json\/wp\/v2\/posts"}],"about":[{"href":"https:\/\/dralvarez.com.mx\/larevista\/wp-json\/wp\/v2\/types\/post"}],"author":[{"embeddable":true,"href":"https:\/\/dralvarez.com.mx\/larevista\/wp-json\/wp\/v2\/users\/1018"}],"replies":[{"embeddable":true,"href":"https:\/\/dralvarez.com.mx\/larevista\/wp-json\/wp\/v2\/comments?post=62442"}],"version-history":[{"count":0,"href":"https:\/\/dralvarez.com.mx\/larevista\/wp-json\/wp\/v2\/posts\/62442\/revisions"}],"wp:attachment":[{"href":"https:\/\/dralvarez.com.mx\/larevista\/wp-json\/wp\/v2\/media?parent=62442"}],"wp:term":[{"taxonomy":"category","embeddable":true,"href":"https:\/\/dralvarez.com.mx\/larevista\/wp-json\/wp\/v2\/categories?post=62442"},{"taxonomy":"post_tag","embeddable":true,"href":"https:\/\/dralvarez.com.mx\/larevista\/wp-json\/wp\/v2\/tags?post=62442"}],"curies":[{"name":"wp","href":"https:\/\/api.w.org\/{rel}","templated":true}]}}