{"id":62292,"date":"2018-02-09T00:00:00","date_gmt":"2018-02-09T06:00:00","guid":{"rendered":"https:\/\/dralvarez.com.mx\/larevista\/blog\/comite-de-carnaval-emite-aclaracion-en-torno-al-sabado-de-bando-22015"},"modified":"2018-02-09T00:00:00","modified_gmt":"2018-02-09T06:00:00","slug":"comite-de-carnaval-emite-aclaracion-en-torno-al-sabado-de-bando-22015","status":"publish","type":"post","link":"https:\/\/dralvarez.com.mx\/larevista\/compeche\/comite-de-carnaval-emite-aclaracion-en-torno-al-sabado-de-bando-22015","title":{"rendered":"Comit\u00e9 de Carnaval emite aclaraci\u00f3n en torno al s\u00e1bado de bando"},"content":{"rendered":"<\/p>\n<p>El Comit\u00e9 de Carnaval y<br \/>\nFiestas Tradicionales de Campeche se ve en la necesidad de hacer precisiones en<br \/>\ntorno a los rumores que se han esparcido a trav\u00e9s de las redes sociales, y que<br \/>\nhan generado desinformaci\u00f3n a la ciudadan\u00eda y participantes en el tradicional<br \/>\ndesfile de S\u00e1bado de Bando.<\/p>\n<p>De acuerdo a la<br \/>\nconvocatoria de S\u00e1bado de Bando, que se efectuar\u00e1 este s\u00e1bado 10 de los<br \/>\ncorrientes, en la categor\u00eda de Grupo Organizado, se se\u00f1ala en el punto No. 13<br \/>\nde la convocatoria, que \u201cLos grupos organizados deber\u00e1n realizar su ejecuci\u00f3n<br \/>\nsobre la marcha; el detenerse en cualquier punto del recorrido para ejecutar su<br \/>\nrutina ser\u00e1 motivo de descalificaci\u00f3n\u201d.<\/p>\n<p>De ninguna manera el<br \/>\nComit\u00e9 ha negado el registro y la participaci\u00f3n de grupo alguno, siempre y<br \/>\ncuando cumplan con los requisitos de inscripci\u00f3n, entre los que se encuentran<br \/>\npresentar al momento del registro su dise\u00f1o y cumplir con el mismo.<\/p>\n<p>El exhorto a los<br \/>\nparticipantes \u00fanicamente ha sido para que se apeguen a los puntos de la<br \/>\nconvocatoria, y en el caso de los grupos organizados se les pide que la<br \/>\nejecuci\u00f3n de sus rutinas sea sobre la marcha y no se detengan para que el<br \/>\ndesarrollo del desfile sea fluido.<\/p>\n<p><\/p>\n","protected":false},"excerpt":{"rendered":"<p>De ninguna manera el Comit\u00e9 ha negado el registro y la participaci\u00f3n de grupo alguno, siempre y cuando cumplan con los requisitos de inscripci\u00f3n.<\/p>\n","protected":false},"author":1018,"featured_media":0,"comment_status":"open","ping_status":"open","sticky":false,"template":"","format":"standard","meta":{"tdm_status":"","tdm_grid_status":"","footnotes":""},"categories":[27],"tags":[],"_links":{"self":[{"href":"https:\/\/dralvarez.com.mx\/larevista\/wp-json\/wp\/v2\/posts\/62292"}],"collection":[{"href":"https:\/\/dralvarez.com.mx\/larevista\/wp-json\/wp\/v2\/posts"}],"about":[{"href":"https:\/\/dralvarez.com.mx\/larevista\/wp-json\/wp\/v2\/types\/post"}],"author":[{"embeddable":true,"href":"https:\/\/dralvarez.com.mx\/larevista\/wp-json\/wp\/v2\/users\/1018"}],"replies":[{"embeddable":true,"href":"https:\/\/dralvarez.com.mx\/larevista\/wp-json\/wp\/v2\/comments?post=62292"}],"version-history":[{"count":0,"href":"https:\/\/dralvarez.com.mx\/larevista\/wp-json\/wp\/v2\/posts\/62292\/revisions"}],"wp:attachment":[{"href":"https:\/\/dralvarez.com.mx\/larevista\/wp-json\/wp\/v2\/media?parent=62292"}],"wp:term":[{"taxonomy":"category","embeddable":true,"href":"https:\/\/dralvarez.com.mx\/larevista\/wp-json\/wp\/v2\/categories?post=62292"},{"taxonomy":"post_tag","embeddable":true,"href":"https:\/\/dralvarez.com.mx\/larevista\/wp-json\/wp\/v2\/tags?post=62292"}],"curies":[{"name":"wp","href":"https:\/\/api.w.org\/{rel}","templated":true}]}}