{"id":62278,"date":"2018-02-09T00:00:00","date_gmt":"2018-02-09T06:00:00","guid":{"rendered":"https:\/\/dralvarez.com.mx\/larevista\/blog\/educacion-integral-el-camino-para-transformar-campeche-medina-farfan-22001"},"modified":"2018-02-09T00:00:00","modified_gmt":"2018-02-09T06:00:00","slug":"educacion-integral-el-camino-para-transformar-campeche-medina-farfan-22001","status":"publish","type":"post","link":"https:\/\/dralvarez.com.mx\/larevista\/compeche\/educacion-integral-el-camino-para-transformar-campeche-medina-farfan-22001","title":{"rendered":"Educaci\u00f3n integral, el camino para transformar Campeche: Medina Farf\u00e1n"},"content":{"rendered":"<p>\u201cUna educaci\u00f3n integral, que impulse no s\u00f3lo la mejora en la infraestructura educativa sino tambi\u00e9n los aprendizajes, la formaci\u00f3n docente y los elementos que les doten de una educaci\u00f3n de calidad es nuestro compromiso, el motor principal, por ello estamos trabajando en eso para que las escuelas en Campeche se transformen, que la transici\u00f3n se consolide de forma innovadora, y prepararlos a todos ustedes para ofrecerles un mejor futuro\u201d, asegur\u00f3 el titular de la Secretar\u00eda de Educaci\u00f3n de Campeche (SEDUC), Ricardo Medina Farf\u00e1n, al inaugurar la rehabilitaci\u00f3n de la Escuela Primaria \u201cCarlos R. Men\u00e9ndez\u201d, del municipio de Hecelchak\u00e1n, en la que se erog\u00f3 una inversi\u00f3n de tres millones 967 mil 322 pesos.<\/p>\n<p>En un breve pero significativo acto protocolario desarrollado en la cancha de la reci\u00e9n rehabilitada escuela, Medina Farf\u00e1n subray\u00f3 que el gobernador Alejandro Moreno C\u00e1rdenas tiene el firme compromiso de atender el cien por ciento de las mil 500 escuelas de todos los niveles que existen en la geograf\u00eda estatal con acciones de modernizaci\u00f3n, rehabilitaci\u00f3n o restauraci\u00f3n.<\/p>\n<p>De estas, precis\u00f3, tan s\u00f3lo en dos a\u00f1os de gobierno se han atendido 960, que representan el 63 por ciento de todas las escuelas del Estado, siendo en el caso espec\u00edfico de Hecelchak\u00e1n atendidas al d\u00eda de hoy el 69 por ciento de los planteles, lo que significa una inversi\u00f3n de m\u00e1s de 51 millones de pesos en este municipio en obras de infraestructura educativa y la atenci\u00f3n a 52 centros escolares.<\/p>\n<p>\u201cY nuestro compromiso y el del Gobernador con la educaci\u00f3n es ese, y tiene que ver tambi\u00e9n con innovaci\u00f3n, con ofrecerles a los alumnos esquemas educativos amenos, entretenidos, divertidos, porque aprender y estudiar se puede hacer jugando; y de esa forma que los peque\u00f1os vayan desarrollando sus habilidades, todo estos esfuerzos no solamente consisten en rehabilitar las escuelas sino que al mismo tiempo se implementen programas innovadores, que se apoye a los maestros en su capacitaci\u00f3n y as\u00ed, de esa manera, trabajando maestros, directores, padres de familia, todos juntos para ofrecer esa educaci\u00f3n de calidad que se merecen\u201d, se\u00f1al\u00f3.<\/p>\n<p>En este sentido Medina Farf\u00e1n anunci\u00f3 que, para complementar los trabajos realizados en este colegio, pr\u00f3ximamente se habilitar\u00e1 un aula de medios, se iniciar\u00e1 con la capacitaci\u00f3n del personal docente en tecnolog\u00eda del programa \u201cCuantrix\u201d, que se desarrolla en planteles del Estado en coordinaci\u00f3n con Fundaci\u00f3n Televisa y que contribuye a formar a las ni\u00f1as y ni\u00f1os en temas de computaci\u00f3n y programaci\u00f3n; para de esa forma continuar impulsado la innovando en temas tecnol\u00f3gicos.<\/p>\n<p>Por su parte, el director General del Instituto de la Infraestructura F\u00edsica Educativa del Estado de Campeche (INIFEEC), H\u00e9ctor P\u00e9rez Rodr\u00edguez, detall\u00f3 que para la mejora de este plantel se invirti\u00f3 tres millones 967 mil 322 pesos destinados a la construcci\u00f3n de la techumbre de la cancha de usos m\u00faltiples, rehabilitaci\u00f3n de los edificios existentes, del teatro, de los servicios sanitarios, pintura, entre otras acciones.<\/p>\n","protected":false},"excerpt":{"rendered":"<p>*Inauguran rehabilitaci\u00f3n de la Escuela Primaria \u201cCarlos R. Men\u00e9ndez\u201d de Hecelchak\u00e1n.<\/p>\n","protected":false},"author":1018,"featured_media":0,"comment_status":"open","ping_status":"open","sticky":false,"template":"","format":"standard","meta":{"tdm_status":"","tdm_grid_status":"","footnotes":""},"categories":[27],"tags":[],"_links":{"self":[{"href":"https:\/\/dralvarez.com.mx\/larevista\/wp-json\/wp\/v2\/posts\/62278"}],"collection":[{"href":"https:\/\/dralvarez.com.mx\/larevista\/wp-json\/wp\/v2\/posts"}],"about":[{"href":"https:\/\/dralvarez.com.mx\/larevista\/wp-json\/wp\/v2\/types\/post"}],"author":[{"embeddable":true,"href":"https:\/\/dralvarez.com.mx\/larevista\/wp-json\/wp\/v2\/users\/1018"}],"replies":[{"embeddable":true,"href":"https:\/\/dralvarez.com.mx\/larevista\/wp-json\/wp\/v2\/comments?post=62278"}],"version-history":[{"count":0,"href":"https:\/\/dralvarez.com.mx\/larevista\/wp-json\/wp\/v2\/posts\/62278\/revisions"}],"wp:attachment":[{"href":"https:\/\/dralvarez.com.mx\/larevista\/wp-json\/wp\/v2\/media?parent=62278"}],"wp:term":[{"taxonomy":"category","embeddable":true,"href":"https:\/\/dralvarez.com.mx\/larevista\/wp-json\/wp\/v2\/categories?post=62278"},{"taxonomy":"post_tag","embeddable":true,"href":"https:\/\/dralvarez.com.mx\/larevista\/wp-json\/wp\/v2\/tags?post=62278"}],"curies":[{"name":"wp","href":"https:\/\/api.w.org\/{rel}","templated":true}]}}