{"id":62276,"date":"2018-02-09T00:00:00","date_gmt":"2018-02-09T06:00:00","guid":{"rendered":"https:\/\/dralvarez.com.mx\/larevista\/blog\/imparten-curso-taller-para-la-formacion-de-integrantes-de-las-comisiones-de-seguridad-e-higiene-21999"},"modified":"2018-02-09T00:00:00","modified_gmt":"2018-02-09T06:00:00","slug":"imparten-curso-taller-para-la-formacion-de-integrantes-de-las-comisiones-de-seguridad-e-higiene-21999","status":"publish","type":"post","link":"https:\/\/dralvarez.com.mx\/larevista\/compeche\/imparten-curso-taller-para-la-formacion-de-integrantes-de-las-comisiones-de-seguridad-e-higiene-21999","title":{"rendered":"Imparten curso-taller para la formaci\u00f3n de integrantes de las comisiones de seguridad e higiene"},"content":{"rendered":"<p>Con el objetivo de dar a conocer a los participantes las herramientas necesarias para el buen funcionamiento de la Sub Comisi\u00f3n Mixta de Seguridad e Higiene en el Trabajo, el Sistema Estatal para el Desarrollo Integral de la Familia (DIF), a trav\u00e9s de la Direcci\u00f3n de Atenci\u00f3n Social y Discapacidad, en coordinaci\u00f3n con la Delegaci\u00f3n de la Secretar\u00eda del Trabajo y Previsi\u00f3n Social (STPS), imparti\u00f3 el Curso-Taller para la Formaci\u00f3n de Integrantes de las Comisiones de Seguridad e Higiene.<\/p>\n<p>El evento, que se realiz\u00f3 en el sal\u00f3n \u201cLilia Reyes de L\u00f3pez Hern\u00e1ndez\u201d de la Mansi\u00f3n Carvajal, estuvo dirigido al personal de las diversas \u00e1reas de la instituci\u00f3n que conforman el Comit\u00e9 de Seguridad e Higiene; cabe mencionar que tambi\u00e9n asistieron la Directora de Atenci\u00f3n Social y Discapacidad, Magaly Medina Farf\u00e1n, y la Directora de Atenci\u00f3n Integral al Adulto Mayor (DAIAM), Liliana Rendis Buenfil. Al finalizar la capacitaci\u00f3n, la Directora General del DIF, Silvia Elena Parrao Arceo, en representaci\u00f3n de la Presidenta del Patronato del DIF Estatal, Christelle Casta\u00f1\u00f3n de Moreno, entreg\u00f3 reconocimientos a los participantes.<\/p>\n<p><\/p>\n","protected":false},"excerpt":{"rendered":"<p>Con el objetivo de dar a conocer a los participantes las herramientas necesarias para el buen funcionamiento de la Sub Comisi\u00f3n Mixta de Seguridad e H<\/p>\n","protected":false},"author":1018,"featured_media":0,"comment_status":"open","ping_status":"open","sticky":false,"template":"","format":"standard","meta":{"tdm_status":"","tdm_grid_status":"","footnotes":""},"categories":[27],"tags":[],"_links":{"self":[{"href":"https:\/\/dralvarez.com.mx\/larevista\/wp-json\/wp\/v2\/posts\/62276"}],"collection":[{"href":"https:\/\/dralvarez.com.mx\/larevista\/wp-json\/wp\/v2\/posts"}],"about":[{"href":"https:\/\/dralvarez.com.mx\/larevista\/wp-json\/wp\/v2\/types\/post"}],"author":[{"embeddable":true,"href":"https:\/\/dralvarez.com.mx\/larevista\/wp-json\/wp\/v2\/users\/1018"}],"replies":[{"embeddable":true,"href":"https:\/\/dralvarez.com.mx\/larevista\/wp-json\/wp\/v2\/comments?post=62276"}],"version-history":[{"count":0,"href":"https:\/\/dralvarez.com.mx\/larevista\/wp-json\/wp\/v2\/posts\/62276\/revisions"}],"wp:attachment":[{"href":"https:\/\/dralvarez.com.mx\/larevista\/wp-json\/wp\/v2\/media?parent=62276"}],"wp:term":[{"taxonomy":"category","embeddable":true,"href":"https:\/\/dralvarez.com.mx\/larevista\/wp-json\/wp\/v2\/categories?post=62276"},{"taxonomy":"post_tag","embeddable":true,"href":"https:\/\/dralvarez.com.mx\/larevista\/wp-json\/wp\/v2\/tags?post=62276"}],"curies":[{"name":"wp","href":"https:\/\/api.w.org\/{rel}","templated":true}]}}