{"id":62272,"date":"2018-02-09T00:00:00","date_gmt":"2018-02-09T06:00:00","guid":{"rendered":"https:\/\/dralvarez.com.mx\/larevista\/blog\/fondo-campeche-realiza-jornada-de-inclusion-financiera-en-candelaria-21994"},"modified":"2018-02-09T00:00:00","modified_gmt":"2018-02-09T06:00:00","slug":"fondo-campeche-realiza-jornada-de-inclusion-financiera-en-candelaria-21994","status":"publish","type":"post","link":"https:\/\/dralvarez.com.mx\/larevista\/compeche\/fondo-campeche-realiza-jornada-de-inclusion-financiera-en-candelaria-21994","title":{"rendered":"Fondo Campeche realiza jornada de inclusi\u00f3n financiera en Candelaria"},"content":{"rendered":"<p>En el marco de las actividades de la \u201cMicro Feria Candelaria Emprende\u201d, Fondo Campeche (FOCAM) imparti\u00f3 talleres sobre finanzas a m\u00e1s de 180 estudiantes, microempresarios y peque\u00f1os productores en el municipio de Candelaria.<\/p>\n<p>Ah\u00ed, el director de FOCAM, Erik Vargas Hern\u00e1ndez, present\u00f3 los productos financieros \u201cCrece\u201d y \u201cProduce\u201d, dirigidos principalmente a los microempresarios y peque\u00f1os productores de la regi\u00f3n, resaltando el rango de financiamiento de cinco mil hasta 500 mil pesos con tasas de inter\u00e9s entre el 10 y 16% a proyectos productivos.<\/p>\n<p>Asimismo, se impartieron las conferencias y talleres \u201cAprender y emprender para multiplicar significativamente\u201d, \u201cTaller B\u00e1sico de Econom\u00eda\u201d e \u201cInclusi\u00f3n Financiera\u201d.<\/p>\n<p>Dijo que al implementar estos talleres se mejora la calidad de vida de las personas y se promueven iniciativas emprendedoras, a trav\u00e9s los conocimientos b\u00e1sicos de econom\u00eda, que aporten las herramientas necesarias para iniciar un negocio y llevar unas finanzas saludables.<\/p>\n<p>\u201cEstas acciones forman parte de los objetivos principales de Fondo Campeche en este 2018, ya que trabajamos en llevar el acceso y uso de los  servicios y productos financieros formales a todas las localidades del Estado, para que m\u00e1s personas tengan oportunidad de emprender y desarrollar proyectos para promover el autoempleo y generar una derrama econ\u00f3mica. Es de suma importancia la asesor\u00eda para acceder a los cr\u00e9ditos de la instituci\u00f3n que apoyan proyectos productivos de este municipio\u201d, resalt\u00f3 Vargas Hern\u00e1ndez.<\/p>\n<p>Cabe destacar que en lo que va de la administraci\u00f3n del Gobernador Alejandro Moreno C\u00e1rdenas, en el municipio de Candelaria se han otorgado 85 cr\u00e9ditos, que representan 18 millones 300 mil pesos, entre los sectores de comercio, agropecuario y artesanal, beneficiando a 33 localidades y coloc\u00e1ndolo como el tercer municipio en el Estado con m\u00e1s derrama crediticia.<\/p>\n","protected":false},"excerpt":{"rendered":"<p>En el marco de las actividades de la \u201cMicro Feria Candelaria Emprende\u201d.<\/p>\n","protected":false},"author":1018,"featured_media":0,"comment_status":"open","ping_status":"open","sticky":false,"template":"","format":"standard","meta":{"tdm_status":"","tdm_grid_status":"","footnotes":""},"categories":[27],"tags":[],"_links":{"self":[{"href":"https:\/\/dralvarez.com.mx\/larevista\/wp-json\/wp\/v2\/posts\/62272"}],"collection":[{"href":"https:\/\/dralvarez.com.mx\/larevista\/wp-json\/wp\/v2\/posts"}],"about":[{"href":"https:\/\/dralvarez.com.mx\/larevista\/wp-json\/wp\/v2\/types\/post"}],"author":[{"embeddable":true,"href":"https:\/\/dralvarez.com.mx\/larevista\/wp-json\/wp\/v2\/users\/1018"}],"replies":[{"embeddable":true,"href":"https:\/\/dralvarez.com.mx\/larevista\/wp-json\/wp\/v2\/comments?post=62272"}],"version-history":[{"count":0,"href":"https:\/\/dralvarez.com.mx\/larevista\/wp-json\/wp\/v2\/posts\/62272\/revisions"}],"wp:attachment":[{"href":"https:\/\/dralvarez.com.mx\/larevista\/wp-json\/wp\/v2\/media?parent=62272"}],"wp:term":[{"taxonomy":"category","embeddable":true,"href":"https:\/\/dralvarez.com.mx\/larevista\/wp-json\/wp\/v2\/categories?post=62272"},{"taxonomy":"post_tag","embeddable":true,"href":"https:\/\/dralvarez.com.mx\/larevista\/wp-json\/wp\/v2\/tags?post=62272"}],"curies":[{"name":"wp","href":"https:\/\/api.w.org\/{rel}","templated":true}]}}