{"id":62248,"date":"2018-02-08T00:00:00","date_gmt":"2018-02-08T06:00:00","guid":{"rendered":"https:\/\/dralvarez.com.mx\/larevista\/blog\/imparten-capacitacion-sobre-tecnica-de-alimentacion-por-sonda-nasogastrica-y-por-gastronomia-21968"},"modified":"2018-02-08T00:00:00","modified_gmt":"2018-02-08T06:00:00","slug":"imparten-capacitacion-sobre-tecnica-de-alimentacion-por-sonda-nasogastrica-y-por-gastronomia-21968","status":"publish","type":"post","link":"https:\/\/dralvarez.com.mx\/larevista\/compeche\/imparten-capacitacion-sobre-tecnica-de-alimentacion-por-sonda-nasogastrica-y-por-gastronomia-21968","title":{"rendered":"Imparten capacitaci\u00f3n sobre \u201cT\u00e9cnica de alimentaci\u00f3n por sonda nasog\u00e1strica y por gastronom\u00eda\u201d"},"content":{"rendered":"<p>Con el objetivo de capacitar al personal m\u00e9dico y de enfermer\u00eda del Hogar de Ancianos \u201cLicda. Dolores Lanz de Echeverr\u00eda\u201d del Sistema Estatal para el Desarrollo Integral de la Familia (DIF), a trav\u00e9s de la Direcci\u00f3n de Atenci\u00f3n Integral al Adulto Mayor (DAIAM) se imparti\u00f3 el taller \u201cT\u00e9cnica de Alimentaci\u00f3n por Sonda Nasog\u00e1strica y por Gastronom\u00eda\u201d.<\/p>\n<p>A nombre de la Presidenta del Patronato del DIF Estatal, Christelle Casta\u00f1\u00f3n de Moreno, la Directora de la DAIAM, Liliana Rendis Buenfil, dio la bienvenida a los participantes del curso, exhort\u00e1ndolos adquirir los conocimientos necesarios para cubrir los requerimientos nutricionales de los hu\u00e9spedes con problemas de degluci\u00f3n.<\/p>\n<p>Entre el personal que asisti\u00f3 se encuentra el de enfermer\u00eda del hogar de ancianos \u201cLicda. Dolores Lanz de Echeverr\u00eda\u201d y personal de la DAIAM, que recibieron capacitaci\u00f3n sobre los fundamentos te\u00f3ricos de alimentaci\u00f3n enteral por sonda nasog\u00e1strica y gastronom\u00eda, por parte de Laura Vianey Le\u00f3n L\u00f3pez, catedr\u00e1tica de la Licenciatura en Enfermer\u00eda de la Universidad Mundo Maya Campus Campeche.<\/p>\n<p>\u201cEl adulto mayor, en esta etapa de su vida, merece vivir con todas la comodidades, pero sobre todo con mucha dignidad y respeto, por eso el DIF Estatal capacita a su personal para que atiendan con los mejores conocimientos para proteger su salud\u201d, finaliz\u00f3 la Directora de la DAIAM.<\/p>\n<p><\/p>\n","protected":false},"excerpt":{"rendered":"<p>Con el objetivo de capacitar al personal m\u00e9dico y de enfermer\u00eda del Hogar de Ancianos \u201cLicda. Dolores Lanz de Echeverr\u00eda\u201d.<\/p>\n","protected":false},"author":1018,"featured_media":0,"comment_status":"open","ping_status":"open","sticky":false,"template":"","format":"standard","meta":{"tdm_status":"","tdm_grid_status":"","footnotes":""},"categories":[27],"tags":[],"_links":{"self":[{"href":"https:\/\/dralvarez.com.mx\/larevista\/wp-json\/wp\/v2\/posts\/62248"}],"collection":[{"href":"https:\/\/dralvarez.com.mx\/larevista\/wp-json\/wp\/v2\/posts"}],"about":[{"href":"https:\/\/dralvarez.com.mx\/larevista\/wp-json\/wp\/v2\/types\/post"}],"author":[{"embeddable":true,"href":"https:\/\/dralvarez.com.mx\/larevista\/wp-json\/wp\/v2\/users\/1018"}],"replies":[{"embeddable":true,"href":"https:\/\/dralvarez.com.mx\/larevista\/wp-json\/wp\/v2\/comments?post=62248"}],"version-history":[{"count":0,"href":"https:\/\/dralvarez.com.mx\/larevista\/wp-json\/wp\/v2\/posts\/62248\/revisions"}],"wp:attachment":[{"href":"https:\/\/dralvarez.com.mx\/larevista\/wp-json\/wp\/v2\/media?parent=62248"}],"wp:term":[{"taxonomy":"category","embeddable":true,"href":"https:\/\/dralvarez.com.mx\/larevista\/wp-json\/wp\/v2\/categories?post=62248"},{"taxonomy":"post_tag","embeddable":true,"href":"https:\/\/dralvarez.com.mx\/larevista\/wp-json\/wp\/v2\/tags?post=62248"}],"curies":[{"name":"wp","href":"https:\/\/api.w.org\/{rel}","templated":true}]}}