{"id":62245,"date":"2018-02-08T00:00:00","date_gmt":"2018-02-08T06:00:00","guid":{"rendered":"https:\/\/dralvarez.com.mx\/larevista\/blog\/cumple-corso-infantil-60-anos-se-celebrara-con-mas-de-tres-mil-participantes-21965"},"modified":"2018-02-08T00:00:00","modified_gmt":"2018-02-08T06:00:00","slug":"cumple-corso-infantil-60-anos-se-celebrara-con-mas-de-tres-mil-participantes-21965","status":"publish","type":"post","link":"https:\/\/dralvarez.com.mx\/larevista\/compeche\/cumple-corso-infantil-60-anos-se-celebrara-con-mas-de-tres-mil-participantes-21965","title":{"rendered":"Cumple corso infantil 60 a\u00f1os; se celebrar\u00e1 con m\u00e1s de tres mil participantes"},"content":{"rendered":"<p><b><i><\/i><\/b><\/p>\n<blockquote><p><b><i>Anuncia SEDUC desarrollo del carnaval infantil el pr\u00f3ximo 9 de febrero.<\/i><\/b><\/p><\/blockquote>\n<p>Con la participaci\u00f3n de m\u00e1s de tres mil personas integrantes de la comunidad educativa, entre alumnos, personal docente y de apoyo, el Corso Infantil llegar\u00e1 a su edici\u00f3n 60 de realizarse ininterrumpidamente en el Estado, y ser\u00e1 este 9 de febrero en que cientos de peque\u00f1os dar\u00e1n muestra de ritmo, algarab\u00eda e imaginaci\u00f3n en el malec\u00f3n de la capital del Estado.<\/p>\n<p>En conferencia de prensa desarrollada en el Jard\u00edn de Ni\u00f1os \u201cFederico Froebel\u201d, el titular de la Secretar\u00eda de Educaci\u00f3n de Campeche (SEDUC), Ricardo Medina Farf\u00e1n, quien encabez\u00f3 esta presentaci\u00f3n, presenci\u00f3 el ensayo de los alumnos de este centro escolar y dio a conocer que en esta edici\u00f3n participar\u00e1n 41 centros de educaci\u00f3n preescolar en las modalidades de: plataforma, disfraz individual, comparsa y grupo.<\/p>\n<p>Precis\u00f3 que, al cumplir 60 a\u00f1os de ejecutarse, este 2018 el Corso Infantil rendir\u00e1 tributo a Ledia Rosado de Estrada, promotora de este evento que en la actualidad permite desarrollar la creatividad, inclusi\u00f3n, aprendizajes, movilidad y destreza en los alumnos, y durante el derrotero en esta edici\u00f3n las escuelas van a reproducir los temas ganadores desde el a\u00f1o 1986 (a\u00f1o en que se instituye de manera oficial el corso infantil), hasta el 2014.<\/p>\n<p>\u201cEsta actividad forma parte de las tradiciones y festejos que hace caracter\u00edstico a nuestro carnaval; desde 1958 representa la participaci\u00f3n de las ni\u00f1as y ni\u00f1os en una festividad que es muy importante para la ciudad y que hace parte a todos, madres, padres de familia, gracias al esfuerzo de maestras, maestros, supervisoras y permite enriquecer estas fiestas\u201d, indic\u00f3.<\/p>\n<p>Por su parte, la encargada del departamento de Educaci\u00f3n Preescolar, Mar\u00eda Elvia Castro Salas, record\u00f3 que fue la maestra Ledia Rosado de Estrada, directora del jard\u00edn de ni\u00f1os \u201cFlorinda Batista\u201d, quien tuvo la visi\u00f3n de organizar por vez primera un recorrido con alumnos de su plantel y desde entonces la actividad se fue fortaleciendo; posteriormente se adopt\u00f3 como un evento continuo en todos los centros escolares de educaci\u00f3n preescolar, y oficializado en 1986, enriqueciendo as\u00ed las fiestas tradicionales de la entidad.<\/p>\n<p>Precis\u00f3 que por ello se ha instaurado el premio especial \u201cLedia Rosado de Estrada\u201d, que consiste en 20 mil pesos y se otorgar\u00e1 al centro preescolar que participe con las cuatro modalidades y que utilice material reciclable para la elaboraci\u00f3n de sus trajes y plataformas, adem\u00e1s de que estos tengan un enfoque pedag\u00f3gico.<\/p>\n<p>Por su parte, el coordinador del Carnaval y Fiestas Tradicionales, Manuel Dzul Chiquini, agreg\u00f3 que tambi\u00e9n se premiar\u00e1n a los cinco primeros lugares y se conferir\u00e1n premios especiales de cada categor\u00eda, con montos que van de los mil 500 a los ocho mil pesos, dependiendo de cada modalidad.<\/p>\n<p>Cabe mencionar que el Corso Infantil se desarrollar\u00e1 el viernes 9 de febrero a las 16:00 horas, e iniciar\u00e1 en el Asta Bandera, recorrer\u00e1 el malec\u00f3n de la ciudad y culminar\u00e1 en el espacio en el que se reconstruye el Bazar Artesanal.<\/p>\n<p>Es importante se\u00f1alar que la venta de las sillas para poder disfrutar de esta actividad correr\u00e1 a cargo de las escuelas participantes, con un costo de 35 pesos, dicho recurso, se precis\u00f3, ser\u00e1 destinado para el ingreso propio de cada centro escolar y constituye un apoyo para la compra de insumos en beneficio de los centros educativos.<\/p><\/p>\n","protected":false},"excerpt":{"rendered":"<p>Anuncia SEDUC desarrollo del carnaval infantil el pr\u00f3ximo 9 de febrero.<\/p>\n","protected":false},"author":1018,"featured_media":0,"comment_status":"open","ping_status":"open","sticky":false,"template":"","format":"standard","meta":{"tdm_status":"","tdm_grid_status":"","footnotes":""},"categories":[27],"tags":[],"_links":{"self":[{"href":"https:\/\/dralvarez.com.mx\/larevista\/wp-json\/wp\/v2\/posts\/62245"}],"collection":[{"href":"https:\/\/dralvarez.com.mx\/larevista\/wp-json\/wp\/v2\/posts"}],"about":[{"href":"https:\/\/dralvarez.com.mx\/larevista\/wp-json\/wp\/v2\/types\/post"}],"author":[{"embeddable":true,"href":"https:\/\/dralvarez.com.mx\/larevista\/wp-json\/wp\/v2\/users\/1018"}],"replies":[{"embeddable":true,"href":"https:\/\/dralvarez.com.mx\/larevista\/wp-json\/wp\/v2\/comments?post=62245"}],"version-history":[{"count":0,"href":"https:\/\/dralvarez.com.mx\/larevista\/wp-json\/wp\/v2\/posts\/62245\/revisions"}],"wp:attachment":[{"href":"https:\/\/dralvarez.com.mx\/larevista\/wp-json\/wp\/v2\/media?parent=62245"}],"wp:term":[{"taxonomy":"category","embeddable":true,"href":"https:\/\/dralvarez.com.mx\/larevista\/wp-json\/wp\/v2\/categories?post=62245"},{"taxonomy":"post_tag","embeddable":true,"href":"https:\/\/dralvarez.com.mx\/larevista\/wp-json\/wp\/v2\/tags?post=62245"}],"curies":[{"name":"wp","href":"https:\/\/api.w.org\/{rel}","templated":true}]}}