{"id":62239,"date":"2018-02-08T00:00:00","date_gmt":"2018-02-08T06:00:00","guid":{"rendered":"https:\/\/dralvarez.com.mx\/larevista\/blog\/gobernador-amc-inaugura-sala-de-tiro-virtual-21959"},"modified":"2018-02-08T00:00:00","modified_gmt":"2018-02-08T06:00:00","slug":"gobernador-amc-inaugura-sala-de-tiro-virtual-21959","status":"publish","type":"post","link":"https:\/\/dralvarez.com.mx\/larevista\/compeche\/gobernador-amc-inaugura-sala-de-tiro-virtual-21959","title":{"rendered":"Gobernador AMC inaugura sala de tiro virtual"},"content":{"rendered":"<\/p>\n<p>Con una inversi\u00f3n de cuatro millones de pesos,<br \/>\nel gobernador Alejandro Moreno C\u00e1rdenas, inaugur\u00f3 la Sala de Tiro Virtual que permitir\u00e1 fortalecer las acciones de capacitaci\u00f3n y<br \/>\nprofesionalizaci\u00f3n policial en el estado.<\/p>\n<p>Luego de cortar el list\u00f3n inaugural, acompa\u00f1ado<br \/>\npor el secretario General de Gobierno, Carlos Miguel Aysa G\u00f3nzalez, el<br \/>\nmandatario estatal atestigu\u00f3 la demostracion realizada por 11 elementos de la<br \/>\nla Fiscal\u00eda General del Estado y de la Secretar\u00eda de Seguridad P\u00fablica, que<br \/>\nfueron capacitados sobre el uso, mantenimiento y creaci\u00f3n de escenarios.<\/p>\n<p>El simulador de tiro virtual, de la marca Milo<br \/>\nRange, est\u00e1 compuesto por seis detectores infrarrojo y l\u00e1ser, dos bocinas, una<br \/>\nc\u00e1mara t\u00e1ctica para evaluar al cadete, dos computadoras, un servidor, tres<br \/>\npantallas, cuatro armas electronicas, gas pimienta, linternas y planta de<br \/>\nenerg\u00eda el\u00e9ctrica.<\/p>\n<p>La apertura de la sala ocurre como parte de los acuerdos<br \/>\nestablecidos en la Iniciativa M\u00e9rida y los  esfuerzos de coordinaci\u00f3n con la Seccion de<br \/>\nAsuntos Antinarc\u00f3ticos y Aplicaci\u00f3n de la Ley (INL), de la Embajada de los<br \/>\nEstados Unidos de Am\u00e9rica.<\/p>\n<p>Tambien acompa\u00f1aron al Gobernador, el secretario<br \/>\nEjecutivo del Consejo Estatal de Seguridad P\u00fablica, Manuel Lanz Novelo; los<br \/>\ncomandantes de la Tercera Regi\u00f3n Naval, Enrique Genaro Padilla \u00c1vila, y la 33<br \/>\nZona Militar, Ricardo Flores Gonz\u00e1lez; el secretario de Seguridad P\u00fablica,<br \/>\nJorge Arg\u00e1ez Uribe, y el fiscal General del Estado, Juan Manuel Herrera Campos.<\/p><\/p>\n","protected":false},"excerpt":{"rendered":"<p>Con una inversi\u00f3n de cuatro millones de pesos.<\/p>\n","protected":false},"author":1018,"featured_media":0,"comment_status":"open","ping_status":"open","sticky":false,"template":"","format":"standard","meta":{"tdm_status":"","tdm_grid_status":"","footnotes":""},"categories":[27],"tags":[],"_links":{"self":[{"href":"https:\/\/dralvarez.com.mx\/larevista\/wp-json\/wp\/v2\/posts\/62239"}],"collection":[{"href":"https:\/\/dralvarez.com.mx\/larevista\/wp-json\/wp\/v2\/posts"}],"about":[{"href":"https:\/\/dralvarez.com.mx\/larevista\/wp-json\/wp\/v2\/types\/post"}],"author":[{"embeddable":true,"href":"https:\/\/dralvarez.com.mx\/larevista\/wp-json\/wp\/v2\/users\/1018"}],"replies":[{"embeddable":true,"href":"https:\/\/dralvarez.com.mx\/larevista\/wp-json\/wp\/v2\/comments?post=62239"}],"version-history":[{"count":0,"href":"https:\/\/dralvarez.com.mx\/larevista\/wp-json\/wp\/v2\/posts\/62239\/revisions"}],"wp:attachment":[{"href":"https:\/\/dralvarez.com.mx\/larevista\/wp-json\/wp\/v2\/media?parent=62239"}],"wp:term":[{"taxonomy":"category","embeddable":true,"href":"https:\/\/dralvarez.com.mx\/larevista\/wp-json\/wp\/v2\/categories?post=62239"},{"taxonomy":"post_tag","embeddable":true,"href":"https:\/\/dralvarez.com.mx\/larevista\/wp-json\/wp\/v2\/tags?post=62239"}],"curies":[{"name":"wp","href":"https:\/\/api.w.org\/{rel}","templated":true}]}}