{"id":62229,"date":"2018-02-08T00:00:00","date_gmt":"2018-02-08T06:00:00","guid":{"rendered":"https:\/\/dralvarez.com.mx\/larevista\/blog\/maria-jose-i-y-carlos-i-son-coronados-como-reyes-del-carnaval-de-las-personas-con-discapacidad-2018-21949"},"modified":"2018-02-08T00:00:00","modified_gmt":"2018-02-08T06:00:00","slug":"maria-jose-i-y-carlos-i-son-coronados-como-reyes-del-carnaval-de-las-personas-con-discapacidad-2018-21949","status":"publish","type":"post","link":"https:\/\/dralvarez.com.mx\/larevista\/compeche\/maria-jose-i-y-carlos-i-son-coronados-como-reyes-del-carnaval-de-las-personas-con-discapacidad-2018-21949","title":{"rendered":"\u201cMar\u00eda Jos\u00e9 I\u201d Y \u201cCarlos I\u201d son coronados como Reyes del Carnaval de las Personas con Discapacidad 2018"},"content":{"rendered":"<p>Un viaje multicultural que nos une y nos identifica como naci\u00f3n, un pueblo que vive y sue\u00f1a, lleno de tradiciones, present\u00f3 la comparsa \u201cM\u00e9xico M\u00e1gico\u201d de los Reyes del Carnaval de las personas con discapacidad 2018, Mar\u00eda Jos\u00e9  Sandoval Murgas \u201cMar\u00eda Jos\u00e9 I\u201d  y Carlos Omar Williams Le\u00f3n \u201cCarlos I\u201c, que fueron coronados por la Presidenta del Patronato del DIF Estatal, Christelle Casta\u00f1\u00f3n de Moreno, y la Directora General del DIF, Silvia Elena Parrao Arceo. <br \/>El foro \u201cAh-Kim-Pech\u201d se fundi\u00f3 en aplausos casi interminables, al reconocer al DIF Estatal por promover la inclusi\u00f3n social de las personas con discapacidad a trav\u00e9s de la participaci\u00f3n en el Carnaval de Campeche de los Reyes de Personas con Discapacidad 2018, donde tendr\u00e1n una participaci\u00f3n relevante en los recorridos y actividades, lo que permite que se puedan relacionar socialmente en igualdad de oportunidades con las dem\u00e1s personas.<\/p>\n<p>Cabe destacar que Campeche es el primer Estado en incluir y resaltar la valiosa participaci\u00f3n de las personas con discapacidad en un evento de gran magnitud como es el carnaval, que se convierte en una fiesta que todos pueden disfrutar.<\/p>\n<p>La Comparsa de los Reyes, \u201cM\u00e9xico M\u00e1gico\u201d, estuvo integrada con  la participaci\u00f3n de m\u00e1s de 225 ni\u00f1os y j\u00f3venes con y sin discapacidad pertenecientes a escuelas de educaci\u00f3n especial y regular e integrantes de asociaciones de personas con discapacidad, quienes lucieron trajes de diferentes Estados de la Rep\u00fablica en medio de juegos de luces y fuegos artificiales.<\/p>\n<p>La coordinaci\u00f3n en el montaje y la edici\u00f3n musical corri\u00f3 a cargo de Guadalupe D\u00edaz Iris y Frank C\u00fa Cano, respectivamente; dise\u00f1o de imagen de Jaqueline Corral Blanes; dise\u00f1o y confecci\u00f3n de vestuario de los reyes y dise\u00f1o de comparsas por Carlos Flores Fuentes; escenograf\u00eda y utiler\u00eda de \u201cLos Huichos\u201d; iluminaci\u00f3n y efectos especiales por Ferdinando Dom\u00ednguez \u201ciluminaglow\u201d, y multimedia por C\u00e9sar Erosa; se cont\u00f3 tambi\u00e9n con la colaboraci\u00f3n especial de ballet Zenzontle, de Isaac Villegas; as\u00ed como de la compa\u00f1\u00eda \u201cVamos Danzando\u201d de Jorge Blancas, y el Gran Ballet del Gobierno del Estado.<\/p>\n<p>Al inicio del evento, las autoridades reconocieron la participaci\u00f3n de los reyes salientes, \u201cAndrea Guadalupe I\u201d y \u201cCarlos Augusto I\u201d, quienes se despidieron del p\u00fablico y mostraron su feliz reinado en un video; posteriormente fueron reconocidos con sendos ramos de flores.<\/p>\n<p>La noche se engalan\u00f3 con la pasarela de los soberanos invitados, como los Reyes del INAPAM, Sara de Lourdes Garc\u00eda Miss \u201cSara I\u201d y Claudio Francisco Gallegos Rodr\u00edguez \u201cClaudio I\u201d; los reyes del Carnaval Infantil, Mar\u00eda Rebeca Bencomo Mart\u00ednez \u201cMar\u00eda Rebeca I\u201d y Jorge Alejandro Montero Rodr\u00edguez \u201cJorge Alejandro I\u201d; y los Reyes del Carnaval de Campeche, Duly Ivonne Sosa Andino \u201cDuly I\u201d y Manuel Alejandro P\u00e9rez Hern\u00e1ndez \u201cManuel I\u201d.<\/p>\n<p>As\u00ed como las reinas y reyes de las personas con discapacidad de Calkin\u00ed, Karen Dzib Ak\u00e9 y Jos\u00e9 Eduardo Cant\u00fa Huchin; de Hecelchak\u00e1n, Andrea Jazm\u00edn Dzib Tun y Manuel Alejandro UicabPaat; y de Hopelch\u00e9n, Victoria del Carmen Yam Yam y Jos\u00e9 Eduardo V\u00e1zquez Hern\u00e1ndez.<\/p>\n<p>Tambi\u00e9n el DIF Estatal agradeci\u00f3 a las empresas socialmente incluyentes patrocinadoras para la realizaci\u00f3n de este evento, como el Colegio Cumbres, Empresa ADO, Super Campeche, Innovaci\u00f3n Visual, Universidad  Mundo Maya, Gas Peninsular de Campeche, Universidad \u201cRene Descartes\u201d, UNID Campus Campeche, Grupo Bepensa, Refaccionaria Lalos, Danzaman\u00eda, Fundaci\u00f3n \u201cDonde\u201d, La Verbena y Show Cuerda.<\/p>\n<p>La velada concluy\u00f3 con la presentaci\u00f3n del concierto del dueto Jesee &amp; Joy.<\/p>\n<p>Entre las autoridades asistentes se encontraban el titular de la Secretar\u00eda de Cultura (SECULT), Delio Ricardo Carrillo P\u00e9rez; las presidentas de los Sistemas DIF Municipales;  Integrantes del Patronato del DIF Estatal y Directores de las diferentes \u00e1reas del Sistema DIF Estatal; y el coordinador de fiestas tradicionales y carnaval del Ayuntamiento de Campeche, Manuel Dzul Chiquini.<\/p>\n","protected":false},"excerpt":{"rendered":"<p>Un viaje multicultural que nos une y nos identifica como naci\u00f3n.<\/p>\n","protected":false},"author":1018,"featured_media":0,"comment_status":"open","ping_status":"open","sticky":false,"template":"","format":"standard","meta":{"tdm_status":"","tdm_grid_status":"","footnotes":""},"categories":[27],"tags":[],"_links":{"self":[{"href":"https:\/\/dralvarez.com.mx\/larevista\/wp-json\/wp\/v2\/posts\/62229"}],"collection":[{"href":"https:\/\/dralvarez.com.mx\/larevista\/wp-json\/wp\/v2\/posts"}],"about":[{"href":"https:\/\/dralvarez.com.mx\/larevista\/wp-json\/wp\/v2\/types\/post"}],"author":[{"embeddable":true,"href":"https:\/\/dralvarez.com.mx\/larevista\/wp-json\/wp\/v2\/users\/1018"}],"replies":[{"embeddable":true,"href":"https:\/\/dralvarez.com.mx\/larevista\/wp-json\/wp\/v2\/comments?post=62229"}],"version-history":[{"count":0,"href":"https:\/\/dralvarez.com.mx\/larevista\/wp-json\/wp\/v2\/posts\/62229\/revisions"}],"wp:attachment":[{"href":"https:\/\/dralvarez.com.mx\/larevista\/wp-json\/wp\/v2\/media?parent=62229"}],"wp:term":[{"taxonomy":"category","embeddable":true,"href":"https:\/\/dralvarez.com.mx\/larevista\/wp-json\/wp\/v2\/categories?post=62229"},{"taxonomy":"post_tag","embeddable":true,"href":"https:\/\/dralvarez.com.mx\/larevista\/wp-json\/wp\/v2\/tags?post=62229"}],"curies":[{"name":"wp","href":"https:\/\/api.w.org\/{rel}","templated":true}]}}