{"id":62164,"date":"2018-02-01T00:00:00","date_gmt":"2018-02-01T06:00:00","guid":{"rendered":"https:\/\/dralvarez.com.mx\/larevista\/blog\/unidad-del-pri-en-torno-al-precandidato-claudio-cetina-gomez-va-por-la-alcaldia-de-san-francisco-de-campeche-21880"},"modified":"2018-02-01T00:00:00","modified_gmt":"2018-02-01T06:00:00","slug":"unidad-del-pri-en-torno-al-precandidato-claudio-cetina-gomez-va-por-la-alcaldia-de-san-francisco-de-campeche-21880","status":"publish","type":"post","link":"https:\/\/dralvarez.com.mx\/larevista\/compeche\/unidad-del-pri-en-torno-al-precandidato-claudio-cetina-gomez-va-por-la-alcaldia-de-san-francisco-de-campeche-21880","title":{"rendered":"Unidad del PRI en torno al Precandidato  Claudio Cetina G\u00f3mez  va por la Alcald\u00eda de  San Francisco de Campeche"},"content":{"rendered":"<p><b>Especial \/ La Revista <\/b><\/p>\n<\/p>\n<p><b><i><\/i><\/b><\/p>\n<blockquote><p><b><i>\u201cVamos a ubicar a la capital de Campeche en el sitio que le corresponde como la ciudad que es\u201d.<\/i><\/b><\/p><\/blockquote>\n<p>Claudio Cetina<br \/>\nG\u00f3mez, obtuvo la constancia que lo acredita como precandidato a la Presidencia<br \/>\nMunicipal de Campeche, en representaci\u00f3n del Partido Revolucionario<br \/>\nInstitucional (PRI).<\/p>\n<p>Tras haber<br \/>\nconcluido el tr\u00e1mite de registro ante la Comisi\u00f3n de Procesos Internos del PRI,<br \/>\nel ex jefe de la oficina del Gobernador, Alejandro Moreno C\u00e1rdenas inici\u00f3 de<br \/>\ninmediato su campa\u00f1a pol\u00edtica y dirigi\u00f3 un mensaje a todos los militantes y<br \/>\nsimpatizantes del PRI que se dieron cita desde muy temprana hora a las afuera<br \/>\ndel Comit\u00e9 Municipal de su partido ubicado en el barrio de San Francisco, para<br \/>\napoyar con porras y aplausos a su precandidato.<\/p>\n<p>En su mensaje<br \/>\npol\u00edtico, el ahora precandidato refrend\u00f3 su compromiso de trabajar para mejorar<br \/>\nlos servicios p\u00fablicos y en general de la infraestructura urbana de la ciudad<br \/>\ncapital.<\/p>\n<p>De igual forma,<br \/>\nenfatiz\u00f3 que se trabajar\u00e1 en el combate a la inseguridad que aqueja a toda la sociedad<br \/>\ncampechana.<\/p>\n<p>\u201cVoy a trabajar<br \/>\npara mejorar los servicios p\u00fablicos, mejores calles, mejor alumbrado, mejor<br \/>\ntransporte, m\u00e1s seguridad para todos los campechanos\u201d, precis\u00f3.<\/p>\n<p>\u201cEstar\u00e9 con todos<br \/>\nustedes con los sectores, con la estructura, escucharemos la voz de los<br \/>\nmilitantes, casa por casa, colonia por colonia, distrito por distrito, para que<br \/>\njuntos formemos la mejor propuesta para Campeche, porque con todos nosotros<br \/>\nCampeche gana\u201d, anticip\u00f3 Cetina G\u00f3mez.<\/p>\n<p>El precandidato<br \/>\ndel PRI a la presidencia municipal de Campeche llam\u00f3 a la militancia del<br \/>\ntricolor a sentir el orgullo por Campeche y reiter\u00f3 que para poder ganar las<br \/>\nelecciones se necesita de la unidad del tricolor.<\/p>\n<p>\u201cCampeche tiene<br \/>\nque seguir mejorando, para lograrlo necesita de todos nosotros, de nuestro<br \/>\napoyo, de nuestra fuerza, de nuestro trabajo para que sea el pr\u00f3ximo presidente<br \/>\nmunicipal\u201d, expres\u00f3.<\/p>\n<p>Tras su discurso<br \/>\np\u00fablico, en su cuenta oficial de Facebook, Cetina G\u00f3mez agradeci\u00f3 a todos<br \/>\naquellos militantes del partido tricolor que lo acompa\u00f1aron a recoger su<br \/>\ndictamen y subray\u00f3 que la f\u00f3rmula para ganar este 1 de julio, ser\u00e1 la unidad de<br \/>\nsu partido.<\/p>\n<p>\u201cYa soy<br \/>\nprecandidato del PRI a la Presidencia Municipal de Campeche, estoy seguro que<br \/>\nempujando con las mismas ganas, con este gran animo que hemos construido, este<br \/>\nproyecto seguir\u00e1 cambiando nuestra querida Campeche para hacerla incomparable\u201d,<br \/>\nindic\u00f3 Cetina G\u00f3mez.<\/p>\n<p><b>Funcionarios<br \/>\nen busca de un cargo de elecci\u00f3n<\/b><\/p>\n<p>Claudio Cetina<br \/>\nG\u00f3mez renuncia como jefe de la Oficina del Gobernador para registrar su<br \/>\nprecandidatura a la Alcald\u00eda de Campeche, y como \u00e9l tambi\u00e9n se convirtieron en<br \/>\nexservidores p\u00fablicos en busca de cargos de elecci\u00f3n popular, Laura Luna<br \/>\nGarc\u00eda, Emilio Lara Calder\u00f3n, Rossina Isabel Saravia Lugo y Jorge Ortega P\u00e9rez.<\/p>\n<p>A la reuni\u00f3n de<br \/>\naspirantes en Palacio de Gobierno acudieron dirigentes de organismos y sectores<br \/>\ndel Partido Revolucionario Institucional (PRI) que presentaron tambi\u00e9n el<br \/>\nexamen de conocimientos b\u00e1sicos sobre este instituto pol\u00edtico: Guadalupe Torres<br \/>\nArango, Mar\u00eda Rafaela Santamar\u00eda Blum, Karla Toledo Zamora y Said\u00e9 Yabur<br \/>\nHern\u00e1ndez.<\/p>\n<p>El primero en<br \/>\nconfrmar sus aspiraciones fue Cetina G\u00f3mez, aunque el gobernador Rafael<br \/>\nAlejandro Moreno C\u00e1rdenas lo dio a conocer poco antes a trav\u00e9s de redes<br \/>\nsociales.<\/p>\n<p>\u201cAcabo de aceptar<br \/>\nla renuncia de mi amigo Claudio Cetina G\u00f3mez, quien fuera hasta hoy, jefe de la<br \/>\nOficina del Gobernador. Estoy seguro tendr\u00e1 \u00e9xito total en los proyectos que se<br \/>\nproponga emprender\u201d, se\u00f1ala en su cuenta de Twitter.<\/p>\n<p>Inmediatamente<br \/>\ndespu\u00e9s apareci\u00f3 en Facebook el video donde Cetina G\u00f3mez lo confrma y destaca<br \/>\nel trabajo realizado en m\u00e1s de dos a\u00f1os, \u201cpara cambiarle el chip a Campeche\u201d.<\/p>\n<p>****************************<\/p>\n<p><b>\u00bfQui\u00e9n<br \/>\nes Claudio Cetina G\u00f3mez?<\/b><\/p>\n<p>Naci\u00f3 en la ciudad de San Francisco de Campeche.<\/p>\n<p>Es profesi\u00f3n ingeniero y empresario de 38 a\u00f1os.<\/p>\n<p>Tambi\u00e9n es padre de familia, tiene tres hijos.<\/p>\n<p>Su ideolog\u00eda pol\u00edtica es la del Partido Revolucionario<br \/>\nInstitucional. <\/p>\n<p>Se desempe\u00f1\u00f3 en la funci\u00f3n p\u00fablica como Jefe de la<br \/>\nOficina del Gobernador<\/p>\n<p>Su religi\u00f3n es la cat\u00f3lica romana.<\/p><\/p>\n","protected":false},"excerpt":{"rendered":"<p>\u201cVamos a ubicar a la capital de Campeche en el sitio que le corresponde como la ciudad que es\u201d.<\/p>\n","protected":false},"author":1018,"featured_media":0,"comment_status":"open","ping_status":"open","sticky":false,"template":"","format":"standard","meta":{"tdm_status":"","tdm_grid_status":"","footnotes":""},"categories":[27],"tags":[],"_links":{"self":[{"href":"https:\/\/dralvarez.com.mx\/larevista\/wp-json\/wp\/v2\/posts\/62164"}],"collection":[{"href":"https:\/\/dralvarez.com.mx\/larevista\/wp-json\/wp\/v2\/posts"}],"about":[{"href":"https:\/\/dralvarez.com.mx\/larevista\/wp-json\/wp\/v2\/types\/post"}],"author":[{"embeddable":true,"href":"https:\/\/dralvarez.com.mx\/larevista\/wp-json\/wp\/v2\/users\/1018"}],"replies":[{"embeddable":true,"href":"https:\/\/dralvarez.com.mx\/larevista\/wp-json\/wp\/v2\/comments?post=62164"}],"version-history":[{"count":0,"href":"https:\/\/dralvarez.com.mx\/larevista\/wp-json\/wp\/v2\/posts\/62164\/revisions"}],"wp:attachment":[{"href":"https:\/\/dralvarez.com.mx\/larevista\/wp-json\/wp\/v2\/media?parent=62164"}],"wp:term":[{"taxonomy":"category","embeddable":true,"href":"https:\/\/dralvarez.com.mx\/larevista\/wp-json\/wp\/v2\/categories?post=62164"},{"taxonomy":"post_tag","embeddable":true,"href":"https:\/\/dralvarez.com.mx\/larevista\/wp-json\/wp\/v2\/tags?post=62164"}],"curies":[{"name":"wp","href":"https:\/\/api.w.org\/{rel}","templated":true}]}}