{"id":62160,"date":"2018-02-01T00:00:00","date_gmt":"2018-02-01T06:00:00","guid":{"rendered":"https:\/\/dralvarez.com.mx\/larevista\/blog\/a-punto-de-conformarse-ventanilla-unica-de-zonas-economicas-en-campeche-21876"},"modified":"2018-02-01T00:00:00","modified_gmt":"2018-02-01T06:00:00","slug":"a-punto-de-conformarse-ventanilla-unica-de-zonas-economicas-en-campeche-21876","status":"publish","type":"post","link":"https:\/\/dralvarez.com.mx\/larevista\/compeche\/a-punto-de-conformarse-ventanilla-unica-de-zonas-economicas-en-campeche-21876","title":{"rendered":"A punto de conformarse ventanilla \u00fanica de zonas econ\u00f3micas en Campeche"},"content":{"rendered":"<p>La Ventanilla \u00danica de Zonas Econ\u00f3micas Especiales en Campeche est\u00e1 a punto de conformarse, inform\u00f3 el titular de la Secretar\u00eda de Desarrollo Econ\u00f3mico (SEDECO), Jos\u00e9 Domingo Berzunza Esp\u00ednola, al reunirse con el presidente municipal de Carmen, Pablo Guti\u00e9rrez L\u00e1zarus; para acelerar la conclusi\u00f3n del programa de conformaci\u00f3n.<\/p>\n<p>Detall\u00f3 que actualmente el proceso se ubica en el 5\u00ba punto de los seis previamente establecidos: diagn\u00f3stico de tr\u00e1mites; oficio compromiso; formato de solicitud; capacitaci\u00f3n y levantamiento de informaci\u00f3n; validaci\u00f3n de fichas y generaci\u00f3n de acciones de mejora regulatoria.<\/p>\n<p>Record\u00f3 que la ventanilla \u00fanica ser\u00e1 el \u00fanico punto de contacto para la asesor\u00eda, gesti\u00f3n y resoluci\u00f3n de los tr\u00e1mites y servicios federales, estatales y municipales en la Zona Econ\u00f3mica Especial, con la finalidad de agilizar y facilitar el establecimiento de empresas.<\/p>\n<p>-La declaratoria de Campeche como Zona Econ\u00f3mica Especial, en los municipios de Carmen y Champot\u00f3n, es un hecho y es momento de redoblar esfuerzos para acelerar la consolidaci\u00f3n y establecimiento de empresas -concluy\u00f3.<\/p>\n<p>A este reuni\u00f3n tambi\u00e9n asistieron el titular de la Unidad de Gesti\u00f3n Regulatoria, Incentivos y Servicios de la Autoridad Federal para el Desarrollo de las Zonas Econ\u00f3micas Especiales (AFDZEE), Eduardo Romero Fong; la directora de la Comisi\u00f3n de Mejora Regulatoria del Estado de Campeche (COMERCAM), Rosaura Santini Cobos; y los directores de desarrollo urbano, desarrollo social y econ\u00f3mico, de protecci\u00f3n civil y de SMAPAC del ayuntamiento de Carmen.<\/p>\n","protected":false},"excerpt":{"rendered":"<p>Realizan reuni\u00f3n para acelerar la conclusi\u00f3n del programa de conformaci\u00f3n.<\/p>\n","protected":false},"author":1018,"featured_media":0,"comment_status":"open","ping_status":"open","sticky":false,"template":"","format":"standard","meta":{"tdm_status":"","tdm_grid_status":"","footnotes":""},"categories":[27],"tags":[],"_links":{"self":[{"href":"https:\/\/dralvarez.com.mx\/larevista\/wp-json\/wp\/v2\/posts\/62160"}],"collection":[{"href":"https:\/\/dralvarez.com.mx\/larevista\/wp-json\/wp\/v2\/posts"}],"about":[{"href":"https:\/\/dralvarez.com.mx\/larevista\/wp-json\/wp\/v2\/types\/post"}],"author":[{"embeddable":true,"href":"https:\/\/dralvarez.com.mx\/larevista\/wp-json\/wp\/v2\/users\/1018"}],"replies":[{"embeddable":true,"href":"https:\/\/dralvarez.com.mx\/larevista\/wp-json\/wp\/v2\/comments?post=62160"}],"version-history":[{"count":0,"href":"https:\/\/dralvarez.com.mx\/larevista\/wp-json\/wp\/v2\/posts\/62160\/revisions"}],"wp:attachment":[{"href":"https:\/\/dralvarez.com.mx\/larevista\/wp-json\/wp\/v2\/media?parent=62160"}],"wp:term":[{"taxonomy":"category","embeddable":true,"href":"https:\/\/dralvarez.com.mx\/larevista\/wp-json\/wp\/v2\/categories?post=62160"},{"taxonomy":"post_tag","embeddable":true,"href":"https:\/\/dralvarez.com.mx\/larevista\/wp-json\/wp\/v2\/tags?post=62160"}],"curies":[{"name":"wp","href":"https:\/\/api.w.org\/{rel}","templated":true}]}}