{"id":62158,"date":"2018-02-01T00:00:00","date_gmt":"2018-02-01T06:00:00","guid":{"rendered":"https:\/\/dralvarez.com.mx\/larevista\/blog\/garantiza-gobernador-amc-proteccion-de-derechos-de-ninos-y-adolescentes-campechanos-21874"},"modified":"2018-02-01T00:00:00","modified_gmt":"2018-02-01T06:00:00","slug":"garantiza-gobernador-amc-proteccion-de-derechos-de-ninos-y-adolescentes-campechanos-21874","status":"publish","type":"post","link":"https:\/\/dralvarez.com.mx\/larevista\/compeche\/garantiza-gobernador-amc-proteccion-de-derechos-de-ninos-y-adolescentes-campechanos-21874","title":{"rendered":"Garantiza Gobernador AMC protecci\u00f3n de derechos de ni\u00f1os y adolescentes campechanos"},"content":{"rendered":"<p>El gobernador Alejandro Moreno C\u00e1rdenas ratific\u00f3 su convicci\u00f3n de garantizar la protecci\u00f3n de los derechos de los ni\u00f1os y adolescentes en el estado, por lo que se comprometi\u00f3 a impulsar el fortalecimiento de la cultura del respeto a los menores y promover la modernizaci\u00f3n del marco jur\u00eddico legal.<\/p>\n<p>Luego de suscribir el Acuerdo de voluntades intergubernamentales para la implementaci\u00f3n de la estrategia \u201cAtajos\u201d por las ni\u00f1as, ni\u00f1os y adolescentes del estado de Campeche, con el secretario Ejecutivo del Sistema Nacional de Protecci\u00f3n Integral de Ni\u00f1as, Ni\u00f1os y Adolescentes (Sipinna), Ricardo Antonio Bucio M\u00fajica, Moreno C\u00e1rdenas urgi\u00f3 a los servidores p\u00fablicos de los tres \u00f3rdenes de gobierno pasar de los discursos a los hechos en el tema del cuidado y la atenci\u00f3n de los infantes. <\/p>\n<p>\u201cLa firma de convenio hay que llevarla a la pr\u00e1ctica. No basta con declarar a favor de las ni\u00f1as, ni\u00f1os y adolescentes, tenemos que convertir sus derechos en vida cotidiana, de manera que permita garantizarle un presente fuerte y un mejor futuro\u201d, sostuvo el mandatario. <\/p>\n<p>Dijo que se fortalecer\u00e1 la cultura del cumplimiento de los derechos y las obligaciones, para que, por un lado, los j\u00f3venes sepan que valen, y por otro, que la sociedad conozca que se necesita generar un clima de respeto a la ni\u00f1ez y adolescencia.<\/p>\n<p>Coment\u00f3 que desde la asistencia institucional se le brinda a la infancia un manto protector que necesita vigorizarse generando una mayor conciencia y voluntad de ayuda y atenci\u00f3n. \u201cTenemos que pensar en el futuro de los hijos, construyendo mejores programas y realizando acciones claras y decididas a favor de la poblaci\u00f3n infantil\u201d, a\u00f1adi\u00f3.<\/p>\n<p>Subray\u00f3 que las instancias de gobierno deben tener claro que el compromiso pleno es proteger a los menores,  y convertir el respeto de sus derechos en vida cotidiana para garantizarle mejores horizontes de vida.<\/p>\n<p>Ante ello, Moreno C\u00e1rdenas manifest\u00f3 que a trav\u00e9s de la Secretar\u00eda General de Gobierno y en conjunto con el Congreso del Estado se realizar\u00e1n las acciones necesarias para armonizar las leyes que aseguren una mayor y mejor atenci\u00f3n a las ni\u00f1as, ni\u00f1os y adolescentes en la entidad.<br \/>Por su parte, el Secretario Ejecutivo del Sipinna nacional reconoci\u00f3 que Campeche es uno de los estados donde las autoridades han logrado trabajar coordinadamente, sin importar el nivel de gobierno, lo que contribuir\u00e1 a que se avance con mayor celeridad en la atenci\u00f3n de las necesidades de los ni\u00f1os y adolescentes.<br \/>Manifest\u00f3 que ninguna dependencia puede  por s\u00ed sola tener la visi\u00f3n y la capacidad de atenci\u00f3n para los casi 300 mil ni\u00f1os, ni\u00f1as y adolescentes que viven en el estado, por lo que es vital trabajar de forma coordinada en el establecimiento de metas y la definici\u00f3n de estrategias inmediatas.<br \/>\u201cLa ley nos lleva a que las atribuciones y facultades de cada una de las dependencias tienen que estar puestas al servicio de los ni\u00f1os, y tenemos que saber cu\u00e1l es el efecto que tiene sobre la infancia la infraestructura que hacemos, los programas de energ\u00eda, de vivienda, el desarrollo del modelo econ\u00f3mico, el marco legal de la proteccion de derechos humanos, entre otros, pues por muchos a\u00f1os se pens\u00f3 que las instituciones del Estado solamente ten\u00edan que servir a la poblaci\u00f3n adulta\u201d, mencion\u00f3.<br \/>En tanto, el secretario General de Gobierno, Carlos Miguel Aysa, enfatiz\u00f3 que la participaci\u00f3n de los tres \u00f3rdenes de gobierno es muestra del compromiso que se tiene en Campeche para seguir construyendo un futuro s\u00f3lido y fuerte en bien de las ni\u00f1as, ni\u00f1os y adolescentes.<br \/>Resalt\u00f3 que los compromisos espec\u00edficos del acuerdo son incorporar el enfoque de derechos y el principio de inter\u00e9s superior de la ni\u00f1ez y adolescencia; identificar la situaci\u00f3n actual de esta poblaci\u00f3n; valorar las actuaciones desarrolladas por los diversos \u00e1mbitos de las dependencias, as\u00ed como establecer la confluencia entre distintas instituciones para vincular y formular acciones articuladas en torno a tem\u00e1ticas prioritarias que buscan intervenir a corto plazo para la activaci\u00f3n p\u00fablica y en su caso la disminuci\u00f3n de brechas en el tema infantil y adolescente.<br \/>Dijo que no hay causa que merezca m\u00e1s alta prioridad que la protecci\u00f3n y desarrollo de poblaci\u00f3n infantil y juvenil, de quien depende la supervivencia, estabilidad y progreso de las naciones.<br \/>Con la firma del acuerdo, las delegaciones federales y las dependencias estatales sumar\u00e1n esfuerzos para identificar una ruta inmediata que permita articular acciones de atenci\u00f3n integral a las necesidades identificadas de las ni\u00f1as, ni\u00f1os o adolescentes. <\/p>\n<p>Las acciones se enfocar\u00e1n en los siguientes nueve temas prioritarios: Mortalidad infantil y protecci\u00f3n a la salud de mujeres embarazadas; Protecci\u00f3n a la salud y desarrollo infantil evitando condiciones peligrosas; Prevenci\u00f3n del embarazo en adolescentes y ni\u00f1as menores de 15 a\u00f1os; Articulaci\u00f3n para evitar el abandono escolar; Vinculaci\u00f3n de Ni\u00f1as, Ni\u00f1os y Adolesdentes beneficiados de Sedesol, con otros programas o servicios que contribuyan al ejercicio de sus drechos; Desarrollo infantil temprano; Adicciones; Sobrepeso y obesidad, y Monitoreo de medios informativos para prevenir contenidos que vulneren los derechos de la ni\u00f1ez y adolescencia.<\/p>\n<p>El documento tambi\u00e9n fue signado por Aysa Gonz\u00e1lez, y el delegado de la Secretar\u00eda de Gobernaci\u00f3n, Ricardo Ch\u00e1vez P\u00e9rez, en un evento que se llev\u00f3 a cabo en la Casa de los Gobernadores y donde estuvieron presentes los titulares de los poderes Legislativo y Judicial, Ram\u00f3n M\u00e9ndez Lanz y Miguel \u00c1ngel Chuc L\u00f3pez, respectivamente; la secretaria Ejecutiva del Sipinna estatal, Katia Vanessa Barrera Blanquet, as\u00ed como otros funcionarios federales, estatales y presidentes municipales.<\/p>\n","protected":false},"excerpt":{"rendered":"<p>Plantea armonizar leyes para atenci\u00f3n integral y fortalecer cultura del respeto.<\/p>\n","protected":false},"author":1018,"featured_media":0,"comment_status":"open","ping_status":"open","sticky":false,"template":"","format":"standard","meta":{"tdm_status":"","tdm_grid_status":"","footnotes":""},"categories":[27],"tags":[],"_links":{"self":[{"href":"https:\/\/dralvarez.com.mx\/larevista\/wp-json\/wp\/v2\/posts\/62158"}],"collection":[{"href":"https:\/\/dralvarez.com.mx\/larevista\/wp-json\/wp\/v2\/posts"}],"about":[{"href":"https:\/\/dralvarez.com.mx\/larevista\/wp-json\/wp\/v2\/types\/post"}],"author":[{"embeddable":true,"href":"https:\/\/dralvarez.com.mx\/larevista\/wp-json\/wp\/v2\/users\/1018"}],"replies":[{"embeddable":true,"href":"https:\/\/dralvarez.com.mx\/larevista\/wp-json\/wp\/v2\/comments?post=62158"}],"version-history":[{"count":0,"href":"https:\/\/dralvarez.com.mx\/larevista\/wp-json\/wp\/v2\/posts\/62158\/revisions"}],"wp:attachment":[{"href":"https:\/\/dralvarez.com.mx\/larevista\/wp-json\/wp\/v2\/media?parent=62158"}],"wp:term":[{"taxonomy":"category","embeddable":true,"href":"https:\/\/dralvarez.com.mx\/larevista\/wp-json\/wp\/v2\/categories?post=62158"},{"taxonomy":"post_tag","embeddable":true,"href":"https:\/\/dralvarez.com.mx\/larevista\/wp-json\/wp\/v2\/tags?post=62158"}],"curies":[{"name":"wp","href":"https:\/\/api.w.org\/{rel}","templated":true}]}}