{"id":62155,"date":"2018-02-01T00:00:00","date_gmt":"2018-02-01T06:00:00","guid":{"rendered":"https:\/\/dralvarez.com.mx\/larevista\/blog\/secretario-aysa-gonzalez-entrega-nombramiento-del-subsecretario-de-asuntos-juridicos-y-derechos-humanos-de-la-segob-21871"},"modified":"2018-02-01T00:00:00","modified_gmt":"2018-02-01T06:00:00","slug":"secretario-aysa-gonzalez-entrega-nombramiento-del-subsecretario-de-asuntos-juridicos-y-derechos-humanos-de-la-segob-21871","status":"publish","type":"post","link":"https:\/\/dralvarez.com.mx\/larevista\/compeche\/secretario-aysa-gonzalez-entrega-nombramiento-del-subsecretario-de-asuntos-juridicos-y-derechos-humanos-de-la-segob-21871","title":{"rendered":"Secretario Aysa Gonz\u00e1lez entrega nombramiento del subsecretario de Asuntos Jur\u00eddicos y Derechos Humanos de la Segob"},"content":{"rendered":"<p>El Secretario General de Gobierno, Carlos Miguel Aysa Gonz\u00e1lez, entreg\u00f3 el nombramiento de subsecretario de Asuntos Jur\u00eddicos y Derechos Humanos de la Segob, a Alejandro Ram\u00f3n Medina Pi\u00f1a, quien se desempe\u00f1aba como visitador de la Comisi\u00f3n de Derechos Humanos del Estado de Campeche (Codhecam).<\/p>\n","protected":false},"excerpt":{"rendered":"<p>Secretario Aysa Gonz\u00e1lez entrega nombramiento del subsecretario de Asuntos Jur\u00eddicos y Derechos Humanos de la Segob.<\/p>\n","protected":false},"author":1018,"featured_media":0,"comment_status":"open","ping_status":"open","sticky":false,"template":"","format":"standard","meta":{"tdm_status":"","tdm_grid_status":"","footnotes":""},"categories":[27],"tags":[],"_links":{"self":[{"href":"https:\/\/dralvarez.com.mx\/larevista\/wp-json\/wp\/v2\/posts\/62155"}],"collection":[{"href":"https:\/\/dralvarez.com.mx\/larevista\/wp-json\/wp\/v2\/posts"}],"about":[{"href":"https:\/\/dralvarez.com.mx\/larevista\/wp-json\/wp\/v2\/types\/post"}],"author":[{"embeddable":true,"href":"https:\/\/dralvarez.com.mx\/larevista\/wp-json\/wp\/v2\/users\/1018"}],"replies":[{"embeddable":true,"href":"https:\/\/dralvarez.com.mx\/larevista\/wp-json\/wp\/v2\/comments?post=62155"}],"version-history":[{"count":0,"href":"https:\/\/dralvarez.com.mx\/larevista\/wp-json\/wp\/v2\/posts\/62155\/revisions"}],"wp:attachment":[{"href":"https:\/\/dralvarez.com.mx\/larevista\/wp-json\/wp\/v2\/media?parent=62155"}],"wp:term":[{"taxonomy":"category","embeddable":true,"href":"https:\/\/dralvarez.com.mx\/larevista\/wp-json\/wp\/v2\/categories?post=62155"},{"taxonomy":"post_tag","embeddable":true,"href":"https:\/\/dralvarez.com.mx\/larevista\/wp-json\/wp\/v2\/tags?post=62155"}],"curies":[{"name":"wp","href":"https:\/\/api.w.org\/{rel}","templated":true}]}}