{"id":62153,"date":"2018-02-01T00:00:00","date_gmt":"2018-02-01T06:00:00","guid":{"rendered":"https:\/\/dralvarez.com.mx\/larevista\/blog\/titular-de-la-seduc-se-reunio-con-la-directora-de-disena-el-cambio-mexico-21869"},"modified":"2018-02-01T00:00:00","modified_gmt":"2018-02-01T06:00:00","slug":"titular-de-la-seduc-se-reunio-con-la-directora-de-disena-el-cambio-mexico-21869","status":"publish","type":"post","link":"https:\/\/dralvarez.com.mx\/larevista\/compeche\/titular-de-la-seduc-se-reunio-con-la-directora-de-disena-el-cambio-mexico-21869","title":{"rendered":"Titular de la SEDUC se reuni\u00f3 con la directora de Dise\u00f1a el Cambio M\u00e9xico"},"content":{"rendered":"<p>A fin de establecer pautas y acuerdos para el desarrollo de la premiaci\u00f3n anual \u201cTu y yo somos el cambio 2018\u201d, del proyecto \u201cDise\u00f1a el Cambio\u201d, de la que Campeche ser\u00e1 sede, el titular de la Secretar\u00eda de Educaci\u00f3n (SEDUC), Ricardo Medina Farf\u00e1n, sostuvo una reuni\u00f3n de trabajo con la directora de Dise\u00f1a el Cambio M\u00e9xico, Mar\u00eda Fernanda G\u00f3mez de la Garza.<\/p>\n<p>En este encuentro en el que tambi\u00e9n estuvo presente Isabel Cavazos Herrera, responsable de Comunicaci\u00f3n y Relaciones Comerciales de Dise\u00f1a el Cambio M\u00e9xico, y la directora de Participaci\u00f3n Social de la SEDUC, Lidia Berr\u00f3n Osorno, se inform\u00f3 que la entidad recibir\u00e1 a los participantes de los m\u00e1s de 25 proyectos ganadores de diversos Estados del pa\u00eds, el pr\u00f3ximo 6 y 7 de septiembre, fechas en las que se desarrollar\u00e1 este magno evento de premiaci\u00f3n. G\u00f3mez de la Garza signific\u00f3 la importante participaci\u00f3n que Campeche ha tenido en las siete ediciones de Dise\u00f1a el Cambio tanto en el nivel de educaci\u00f3n B\u00e1sica y las cinco ediciones de Dise\u00f1a el Cambio Joven, lo que hizo al Estado ser sede de tan importante evento.<\/p>\n","protected":false},"excerpt":{"rendered":"<p>A fin de establecer pautas y acuerdos para el desarrollo de la premiaci\u00f3n anual \u201cTu y yo somos el cambio 2018\u201d.<\/p>\n","protected":false},"author":1018,"featured_media":0,"comment_status":"open","ping_status":"open","sticky":false,"template":"","format":"standard","meta":{"tdm_status":"","tdm_grid_status":"","footnotes":""},"categories":[27],"tags":[],"_links":{"self":[{"href":"https:\/\/dralvarez.com.mx\/larevista\/wp-json\/wp\/v2\/posts\/62153"}],"collection":[{"href":"https:\/\/dralvarez.com.mx\/larevista\/wp-json\/wp\/v2\/posts"}],"about":[{"href":"https:\/\/dralvarez.com.mx\/larevista\/wp-json\/wp\/v2\/types\/post"}],"author":[{"embeddable":true,"href":"https:\/\/dralvarez.com.mx\/larevista\/wp-json\/wp\/v2\/users\/1018"}],"replies":[{"embeddable":true,"href":"https:\/\/dralvarez.com.mx\/larevista\/wp-json\/wp\/v2\/comments?post=62153"}],"version-history":[{"count":0,"href":"https:\/\/dralvarez.com.mx\/larevista\/wp-json\/wp\/v2\/posts\/62153\/revisions"}],"wp:attachment":[{"href":"https:\/\/dralvarez.com.mx\/larevista\/wp-json\/wp\/v2\/media?parent=62153"}],"wp:term":[{"taxonomy":"category","embeddable":true,"href":"https:\/\/dralvarez.com.mx\/larevista\/wp-json\/wp\/v2\/categories?post=62153"},{"taxonomy":"post_tag","embeddable":true,"href":"https:\/\/dralvarez.com.mx\/larevista\/wp-json\/wp\/v2\/tags?post=62153"}],"curies":[{"name":"wp","href":"https:\/\/api.w.org\/{rel}","templated":true}]}}