{"id":62152,"date":"2018-02-01T00:00:00","date_gmt":"2018-02-01T06:00:00","guid":{"rendered":"https:\/\/dralvarez.com.mx\/larevista\/blog\/curso-de-capacitacion-de-lengua-de-senas-mexicana-en-carmen-y-diplomado-en-campeche-promueven-la-inclusion-21868"},"modified":"2018-02-01T00:00:00","modified_gmt":"2018-02-01T06:00:00","slug":"curso-de-capacitacion-de-lengua-de-senas-mexicana-en-carmen-y-diplomado-en-campeche-promueven-la-inclusion-21868","status":"publish","type":"post","link":"https:\/\/dralvarez.com.mx\/larevista\/compeche\/curso-de-capacitacion-de-lengua-de-senas-mexicana-en-carmen-y-diplomado-en-campeche-promueven-la-inclusion-21868","title":{"rendered":"Curso de capacitaci\u00f3n de Lengua de Se\u00f1as Mexicana en Carmen y Diplomado en Campeche promueven la inclusi\u00f3n"},"content":{"rendered":"<p>Con el objetivo de promover una sociedad incluyente, el Sistema Estatal para el Desarrollo Integral de la Familia (DIF) promueve el curso de Lenguaje de Se\u00f1as Mexicanas (LSM) en dos fases: el curso b\u00e1sico, que se impartir\u00e1 para interesados en el municipio de Carmen, con un costo de mil 500 pesos; y el Diplomado para estudiantes en Campeche, con un costo de tres mil pesos; en ambos, se busca de manera efectiva una comunicaci\u00f3n de los participantes con las personas con discapacidad auditiva.<\/p>\n<p>Personal de la Direcci\u00f3n de Atenci\u00f3n Social y Discapacidad ser\u00e1 el encargado de despejar cualquier duda a los interesados, por ello, se invita a los interesados para que acudan al edificio 303 (ex CENDI-ISSSTECAM) en horario de 9:00 a 14:00 horas de lunes a viernes, para cualquier orientaci\u00f3n.<\/p>\n<p>El curso b\u00e1sico tendr\u00e1 un costo de mil 500 pesos por persona. Carmen ser\u00e1 sede por primera vez de esta capacitaci\u00f3n a desarrollarse los d\u00edas 21, 22 y 28 de febrero y el 1 de marzo, de 17:00 a 21:00 horas, en la Universidad Pedag\u00f3gica Nacional 042.<\/p>\n<p>Asimismo, el Diplomado costar\u00e1 tres mil pesos por persona; est\u00e1 dirigido a los estudiantes interesados y que tienen el curso b\u00e1sico en Campeche. Las fechas de instrucci\u00f3n ser\u00e1n el 23 y 24 de febrero, as\u00ed como los d\u00edas 2, 3, 9, 10, 16,17, 23 y 24 de marzo y en abril ser\u00e1n los d\u00edas 13, 14, 20 y 21, en el sal\u00f3n \u201cLilia Reyes de L\u00f3pez Hern\u00e1ndez\u201d de la Mansi\u00f3n Carvajal. En ambos casos los instructores ser\u00e1n Ren\u00e9 Gonz\u00e1lez Puerto, Cristina Puga May y Juan Carlos vega Palma<\/p>\n","protected":false},"excerpt":{"rendered":"<p>Con el objetivo de promover una sociedad incluyente.<\/p>\n","protected":false},"author":1018,"featured_media":0,"comment_status":"open","ping_status":"open","sticky":false,"template":"","format":"standard","meta":{"tdm_status":"","tdm_grid_status":"","footnotes":""},"categories":[27],"tags":[],"_links":{"self":[{"href":"https:\/\/dralvarez.com.mx\/larevista\/wp-json\/wp\/v2\/posts\/62152"}],"collection":[{"href":"https:\/\/dralvarez.com.mx\/larevista\/wp-json\/wp\/v2\/posts"}],"about":[{"href":"https:\/\/dralvarez.com.mx\/larevista\/wp-json\/wp\/v2\/types\/post"}],"author":[{"embeddable":true,"href":"https:\/\/dralvarez.com.mx\/larevista\/wp-json\/wp\/v2\/users\/1018"}],"replies":[{"embeddable":true,"href":"https:\/\/dralvarez.com.mx\/larevista\/wp-json\/wp\/v2\/comments?post=62152"}],"version-history":[{"count":0,"href":"https:\/\/dralvarez.com.mx\/larevista\/wp-json\/wp\/v2\/posts\/62152\/revisions"}],"wp:attachment":[{"href":"https:\/\/dralvarez.com.mx\/larevista\/wp-json\/wp\/v2\/media?parent=62152"}],"wp:term":[{"taxonomy":"category","embeddable":true,"href":"https:\/\/dralvarez.com.mx\/larevista\/wp-json\/wp\/v2\/categories?post=62152"},{"taxonomy":"post_tag","embeddable":true,"href":"https:\/\/dralvarez.com.mx\/larevista\/wp-json\/wp\/v2\/tags?post=62152"}],"curies":[{"name":"wp","href":"https:\/\/api.w.org\/{rel}","templated":true}]}}