{"id":62138,"date":"2018-02-01T00:00:00","date_gmt":"2018-02-01T06:00:00","guid":{"rendered":"https:\/\/dralvarez.com.mx\/larevista\/blog\/anuncia-seduc-centros-de-apoyo-para-las-preinscripciones-en-linea-21852"},"modified":"2018-02-01T00:00:00","modified_gmt":"2018-02-01T06:00:00","slug":"anuncia-seduc-centros-de-apoyo-para-las-preinscripciones-en-linea-21852","status":"publish","type":"post","link":"https:\/\/dralvarez.com.mx\/larevista\/compeche\/anuncia-seduc-centros-de-apoyo-para-las-preinscripciones-en-linea-21852","title":{"rendered":"Anuncia SEDUC centros de apoyo para las preinscripciones en l\u00ednea"},"content":{"rendered":"<p><b><i><\/i><\/b><\/p>\n<blockquote><p><b><i>Se instalar\u00e1n centros de c\u00f3mputo de acceso gratuito en las comunidades participantes para cumplir con el proceso.<\/i><\/b><\/p><\/blockquote>\n<p>Con el prop\u00f3sito de facilitar el tr\u00e1mite a aquellos padres de familia que no cuentan con computadora, tel\u00e9fonos inteligentes o conexi\u00f3n a internet en sus hogares, la Secretar\u00eda de Educaci\u00f3n (SEDUC) anunci\u00f3 la puesta en funcionamiento de centros de c\u00f3mputo gratuitos en instituciones de Educaci\u00f3n Media Superior y Superior, as\u00ed como organismos descentralizados ubicados en las localidades participantes del proceso de Preinscripci\u00f3n en L\u00ednea para el ciclo escolar 2018-2019, mismo que se llevar\u00e1 a cabo a partir del 1\u00b0 y hasta el 16 de febrero.<\/p>\n<p>El jefe del departamento de Registro y Certificaci\u00f3n de la dependencia estatal, Alejandro Gallegos Valdez, signific\u00f3 que ser\u00e1n 46 centros de c\u00f3mputo los que ser\u00e1n habilitados en las 13 comunidades, un incremento de 16 espacios m\u00e1s disponible con el a\u00f1o pasado, y que permitir\u00e1n a la poblaci\u00f3n interesada cumplir con el proceso sin inconvenientes.<\/p>\n<p>En estos lugares, a\u00f1adi\u00f3, se brindar\u00e1 la ayuda pertinente a las madres y padres de familia y\/o tutores, gracias a la colaboraci\u00f3n y apoyo de las instituciones educativas y organismos descentralizados de la SEDUC, donde se contar\u00e1 con personal capacitado para orientar a los interesados que acudan a ellos.<\/p>\n<p>En este sentido record\u00f3 que el a\u00f1o pasado se tuvo una importante respuesta de la comunidad en los centros de atenci\u00f3n y m\u00e1s de mil personas fueron atendidas y efectuaron su tr\u00e1mite con \u00e9xito en estos lugares.<\/p>\n<p>Este a\u00f1o, debido a que se agregaron m\u00e1s localidades precis\u00f3 se tuvo un incremento en el n\u00famero de centros de apoyo y, a\u00f1adi\u00f3, estos son: en San Francisco de Campeche el edificio de la Direcci\u00f3n General de Tecnolog\u00edas de la Informaci\u00f3n, campus central y la Facultad de Ingenier\u00eda de la Universidad Aut\u00f3noma de Campeche (UAC); el plantel Campeche del CONALEP; las cuatro plazas comunitarias del Instituto Estatal de la Educaci\u00f3n para los Adultos (IEEA); el CETMAR 02; el CBTIS 9; la Casa Telmex; CECYTEC Concordia; el punto \u201cM\u00e9xico Conectado\u201d; y el Campus 5 del Instituto Campechano.<\/p>\n<p>En tanto en la localidad de Lerma ser\u00e1n: el COBACAM plantel 19, el Instituto Tecnol\u00f3gico de Lerma y el Instituto Tecnol\u00f3gico de Campeche; en Chin\u00e1 la plaza comunitaria del IEEA, el Instituto Tecnol\u00f3gico de Chin\u00e1, y el COBACAM EMSaD 18; en Carmen: el edificio del Centro de Tecnolog\u00edas de la Informaci\u00f3n de la UNACAR, el CETMAR 29, el CETIS 20, la plaza comunitaria \u201cBicentenario de la Independencia\u201d del IEEA; y el CONALEP plantel Carmen.<\/p>\n<p>De igual manera, en Sabancuy, la plaza comunitaria del IEEA y la preparatoria \u201cManuel Garc\u00eda Pinto\u201d de la UNACAR; en Champot\u00f3n: el Instituto Tecnol\u00f3gico Superior de Champot\u00f3n, el COBACAM plantel Champot\u00f3n, y la plaza comunitaria del IEEA. En Seybaplaya, el IEEA y el COBACAM plantel Seybaplaya. Asimismo en Esc\u00e1rcega se habilitar\u00e1 el Instituto Tecnol\u00f3gico Superior de Esc\u00e1rcega, la Escuela de Ciencias Agropecuarias de la UAC, el COBACAM plantel 03, y el IEEA.<\/p>\n<p>En la cabecera municipal de Calkin\u00ed ser\u00e1n el Instituto Tecnol\u00f3gico Superior de Calkin\u00ed, el COBACAM plantel 13, y el CBTIS 126; en la comunidad de Becal la plaza comunitaria Bel-H\u00e1 del IEEA y el COBACAM plantel 11. Tambi\u00e9n en Dzitbalch\u00e9 la plaza comunitaria del IEEA y el plantel del CONALEP; en Calakmul el plantel Xpujil del COBACAM y la plaza comunitaria del IEEA; y en Hecelchak\u00e1n el plantel 01 del COBACAM y el campus IV del Instituto Campechano.<\/p>\n<p>Finalmente, el funcionario mencion\u00f3 que los horarios de atenci\u00f3n de los respectivos centros pueden ser consultados en las redes sociales oficiales de la SEDUC, as\u00ed como su p\u00e1gina web y reiter\u00f3 que estas modalidades (en l\u00ednea y app de Consulta Escolar) ser\u00e1n \u00fanicamente para las localidades antes mencionadas ya que en el resto de los municipios y sus comunidades se utilizar\u00e1 el esquema presencial.<\/p>\n","protected":false},"excerpt":{"rendered":"<p>Se instalar\u00e1n centros de c\u00f3mputo de acceso gratuito en las comunidades participantes para cumplir con el proceso.<\/p>\n","protected":false},"author":1018,"featured_media":0,"comment_status":"open","ping_status":"open","sticky":false,"template":"","format":"standard","meta":{"tdm_status":"","tdm_grid_status":"","footnotes":""},"categories":[27],"tags":[],"_links":{"self":[{"href":"https:\/\/dralvarez.com.mx\/larevista\/wp-json\/wp\/v2\/posts\/62138"}],"collection":[{"href":"https:\/\/dralvarez.com.mx\/larevista\/wp-json\/wp\/v2\/posts"}],"about":[{"href":"https:\/\/dralvarez.com.mx\/larevista\/wp-json\/wp\/v2\/types\/post"}],"author":[{"embeddable":true,"href":"https:\/\/dralvarez.com.mx\/larevista\/wp-json\/wp\/v2\/users\/1018"}],"replies":[{"embeddable":true,"href":"https:\/\/dralvarez.com.mx\/larevista\/wp-json\/wp\/v2\/comments?post=62138"}],"version-history":[{"count":0,"href":"https:\/\/dralvarez.com.mx\/larevista\/wp-json\/wp\/v2\/posts\/62138\/revisions"}],"wp:attachment":[{"href":"https:\/\/dralvarez.com.mx\/larevista\/wp-json\/wp\/v2\/media?parent=62138"}],"wp:term":[{"taxonomy":"category","embeddable":true,"href":"https:\/\/dralvarez.com.mx\/larevista\/wp-json\/wp\/v2\/categories?post=62138"},{"taxonomy":"post_tag","embeddable":true,"href":"https:\/\/dralvarez.com.mx\/larevista\/wp-json\/wp\/v2\/tags?post=62138"}],"curies":[{"name":"wp","href":"https:\/\/api.w.org\/{rel}","templated":true}]}}