{"id":62094,"date":"2018-01-30T00:00:00","date_gmt":"2018-01-30T06:00:00","guid":{"rendered":"https:\/\/dralvarez.com.mx\/larevista\/blog\/abiertas-las-inscripciones-al-curso-de-capacitacion-de-lengua-de-senas-mexicana-en-carmen-y-diplomado-en-campeche-21805"},"modified":"2018-01-30T00:00:00","modified_gmt":"2018-01-30T06:00:00","slug":"abiertas-las-inscripciones-al-curso-de-capacitacion-de-lengua-de-senas-mexicana-en-carmen-y-diplomado-en-campeche-21805","status":"publish","type":"post","link":"https:\/\/dralvarez.com.mx\/larevista\/compeche\/abiertas-las-inscripciones-al-curso-de-capacitacion-de-lengua-de-senas-mexicana-en-carmen-y-diplomado-en-campeche-21805","title":{"rendered":"Abiertas las inscripciones al curso de capacitaci\u00f3n de lengua de se\u00f1as mexicana en Carmen y diplomado en Campeche"},"content":{"rendered":"<p>El Sistema Estatal para el Desarrollo Integral de la Familia (DIF), a trav\u00e9s de la Direcci\u00f3n de Atenci\u00f3n Social y Discapacidad, invita a la sociedad en general a participar en el curso gratuito y permanente de \u201cLengua de Se\u00f1as Mexicana Nivel B\u00e1sico\u201d para el municipio de Carmen, as\u00ed como en el Diplomado en la capital San Francisco de Campeche, cuyas inscripciones se encuentran abiertas y tienen cupo limitado.<\/p>\n<p>Para cualquier informaci\u00f3n, los interesados deber\u00e1n de acudir a la Direcci\u00f3n de Atenci\u00f3n Social y Discapacidad, ubicada en el edificio 303 (ex CENDI-ISSSTECAM) en horario de 9:00 a 14:00 horas de lunes a viernes. <\/p>\n<p>Cabe mencionar que esta capacitaci\u00f3n ser\u00e1 impartida por los instructores: Ren\u00e9 Gonz\u00e1lez Puerto, Cristina Puga May y Juan Carlos vega Palma; asimismo, el curso b\u00e1sico se va a realizar por primera vez en el municipio de Carmen, los d\u00edas 21, 22 y 28 de febrero y el 1 de marzo, de 17:00 a 21:00 horas, teniendo como sede la Universidad Pedag\u00f3gica Nacional 042.<\/p>\n<p>Mientras que el diplomado, que es dirigido a los estudiantes interesados y que tienen el curso b\u00e1sico en Campeche, ser\u00e1n los d\u00edas 23 y 24 de febrero, 2, 3, 9, 10, 16, 17, 23 y 24 de marzo, y en abril ser\u00e1n los d\u00edas 13, 14, 20 y 21, en el sal\u00f3n \u201cLilia Reyes de L\u00f3pez Hern\u00e1ndez\u201d de la Mansi\u00f3n Carvajal.<\/p>\n","protected":false},"excerpt":{"rendered":"<p>Para cualquier informaci\u00f3n, los interesados deber\u00e1n de acudir a la Direcci\u00f3n de Atenci\u00f3n Social y Discapacidad.<\/p>\n","protected":false},"author":1018,"featured_media":0,"comment_status":"open","ping_status":"open","sticky":false,"template":"","format":"standard","meta":{"tdm_status":"","tdm_grid_status":"","footnotes":""},"categories":[27],"tags":[],"_links":{"self":[{"href":"https:\/\/dralvarez.com.mx\/larevista\/wp-json\/wp\/v2\/posts\/62094"}],"collection":[{"href":"https:\/\/dralvarez.com.mx\/larevista\/wp-json\/wp\/v2\/posts"}],"about":[{"href":"https:\/\/dralvarez.com.mx\/larevista\/wp-json\/wp\/v2\/types\/post"}],"author":[{"embeddable":true,"href":"https:\/\/dralvarez.com.mx\/larevista\/wp-json\/wp\/v2\/users\/1018"}],"replies":[{"embeddable":true,"href":"https:\/\/dralvarez.com.mx\/larevista\/wp-json\/wp\/v2\/comments?post=62094"}],"version-history":[{"count":0,"href":"https:\/\/dralvarez.com.mx\/larevista\/wp-json\/wp\/v2\/posts\/62094\/revisions"}],"wp:attachment":[{"href":"https:\/\/dralvarez.com.mx\/larevista\/wp-json\/wp\/v2\/media?parent=62094"}],"wp:term":[{"taxonomy":"category","embeddable":true,"href":"https:\/\/dralvarez.com.mx\/larevista\/wp-json\/wp\/v2\/categories?post=62094"},{"taxonomy":"post_tag","embeddable":true,"href":"https:\/\/dralvarez.com.mx\/larevista\/wp-json\/wp\/v2\/tags?post=62094"}],"curies":[{"name":"wp","href":"https:\/\/api.w.org\/{rel}","templated":true}]}}