{"id":62093,"date":"2018-01-30T00:00:00","date_gmt":"2018-01-30T06:00:00","guid":{"rendered":"https:\/\/dralvarez.com.mx\/larevista\/blog\/fpg-se-capacita-en-la-ciudad-de-mexico-21804"},"modified":"2018-01-30T00:00:00","modified_gmt":"2018-01-30T06:00:00","slug":"fpg-se-capacita-en-la-ciudad-de-mexico-21804","status":"publish","type":"post","link":"https:\/\/dralvarez.com.mx\/larevista\/compeche\/fpg-se-capacita-en-la-ciudad-de-mexico-21804","title":{"rendered":"FPG  se capacita en la Ciudad de M\u00e9xico"},"content":{"rendered":"<p>El director general de la Fundaci\u00f3n Pablo Garc\u00eda (FPG), Jorge Esquivel Ruiz, y personal de la Coordinaci\u00f3n Jur\u00eddica del organismo que dirige, participaron en el Taller de Programas de la Direcci\u00f3n Adjunta de Posgrado y Becas 2018, realizado en las oficinas centrales del Consejo Nacional de Ciencia y Tecnolog\u00eda (CONACYT), en la Ciudad de M\u00e9xico; donde recibieron capacitaci\u00f3n y entrenamiento como parte de la publicaci\u00f3n de convocatorias al extranjero que tendr\u00e1 lugar en el mes de febrero.<\/p>\n<p><\/p>\n","protected":false},"excerpt":{"rendered":"<p>Como parte de la publicaci\u00f3n de convocatorias al extranjero que tendr\u00e1 lugar en el mes de febrero.<\/p>\n","protected":false},"author":1018,"featured_media":0,"comment_status":"open","ping_status":"open","sticky":false,"template":"","format":"standard","meta":{"tdm_status":"","tdm_grid_status":"","footnotes":""},"categories":[27],"tags":[],"_links":{"self":[{"href":"https:\/\/dralvarez.com.mx\/larevista\/wp-json\/wp\/v2\/posts\/62093"}],"collection":[{"href":"https:\/\/dralvarez.com.mx\/larevista\/wp-json\/wp\/v2\/posts"}],"about":[{"href":"https:\/\/dralvarez.com.mx\/larevista\/wp-json\/wp\/v2\/types\/post"}],"author":[{"embeddable":true,"href":"https:\/\/dralvarez.com.mx\/larevista\/wp-json\/wp\/v2\/users\/1018"}],"replies":[{"embeddable":true,"href":"https:\/\/dralvarez.com.mx\/larevista\/wp-json\/wp\/v2\/comments?post=62093"}],"version-history":[{"count":0,"href":"https:\/\/dralvarez.com.mx\/larevista\/wp-json\/wp\/v2\/posts\/62093\/revisions"}],"wp:attachment":[{"href":"https:\/\/dralvarez.com.mx\/larevista\/wp-json\/wp\/v2\/media?parent=62093"}],"wp:term":[{"taxonomy":"category","embeddable":true,"href":"https:\/\/dralvarez.com.mx\/larevista\/wp-json\/wp\/v2\/categories?post=62093"},{"taxonomy":"post_tag","embeddable":true,"href":"https:\/\/dralvarez.com.mx\/larevista\/wp-json\/wp\/v2\/tags?post=62093"}],"curies":[{"name":"wp","href":"https:\/\/api.w.org\/{rel}","templated":true}]}}