{"id":62091,"date":"2018-01-30T00:00:00","date_gmt":"2018-01-30T06:00:00","guid":{"rendered":"https:\/\/dralvarez.com.mx\/larevista\/blog\/cecytec-entrega-certificados-conocer-21801"},"modified":"2018-01-30T00:00:00","modified_gmt":"2018-01-30T06:00:00","slug":"cecytec-entrega-certificados-conocer-21801","status":"publish","type":"post","link":"https:\/\/dralvarez.com.mx\/larevista\/compeche\/cecytec-entrega-certificados-conocer-21801","title":{"rendered":"CECYTEC entrega certificados CONOCER"},"content":{"rendered":"<p>El Colegio de Estudios Cient\u00edficos y Tecnol\u00f3gicos del Estado de Campeche (CECyTEC), entreg\u00f3 22 certificados a alumnos en el est\u00e1ndar ECO722 Atenci\u00f3n al Comensal y Certificados en el est\u00e1ndar, EC0076 Evaluador de la competencia de candidatos y ECO722 a tres maestros que pertenecen a la Generaci\u00f3n Semilla de esta entidad de Certificaci\u00f3n y Evaluaci\u00f3n del Consejo Nacional de Normalizaci\u00f3n y Certificaci\u00f3n de Competencias Laborales (CONOCER), que coordina y promueve el Sistema Nacional de Competencias para que M\u00e9xico cuente con empresarios, trabajadores, docentes, estudiantes y servidores p\u00fablicos m\u00e1s competentes.<\/p>\n<p>El evento se llev\u00f3 a cabo en las oficinas de la direcci\u00f3n general del CECyTEC y  fue presidido por la directora general, Cindy Rossina Saravia L\u00f3pez; el Secretario T\u00e9cnico, Fidel Alcocer Mart\u00ednez; la responsable de la Entidad de Certificaci\u00f3n del CECyTEC, Olga Hern\u00e1ndez Chi, y el docente Manuel Jes\u00fas Barrientos Pech.<\/p>\n<p>Por su parte, la directora general mencion\u00f3 que, como instituci\u00f3n educativa, con esta entrega se est\u00e1 cumpliendo con uno de los objetivos del Plan Estatal de Desarrollo (PED) del Gobierno de Alejandro Moreno C\u00e1rdenas, que es el de intensificar la certificaci\u00f3n de las competencias laborales de los docentes.<\/p>\n<p>Reconoci\u00f3 el compromiso de los maestros que conforman la Generaci\u00f3n Semilla de nuestra Entidad y el esfuerzo que han demostrado a trav\u00e9s de certificarse en los est\u00e1ndares como Evaluaci\u00f3n y Atenci\u00f3n al Comensal.<\/p>\n<p>Asimismo, a los j\u00f3venes les expres\u00f3 que suman a su esfuerzo un certificado de competencia laboral emitido por CONOCER, fortaleciendo su educaci\u00f3n y estando m\u00e1s preparados para afrontar los retos del mercado laboral.<\/p>\n<p>Saravia L\u00f3pez puntualiz\u00f3 que el CECyTEC seguir\u00e1 impulsando la certificaci\u00f3n de alumnos y docentes, que sin duda fortalecer\u00e1n el quehacer productivo de las personas y del Estado, as\u00ed como reiter\u00f3 el compromiso de promover la ciencia y la tecnolog\u00eda en los programas encaminados a la capacitaci\u00f3n, certificaci\u00f3n y el emprendimiento para seguir siendo el mejor CECyTEC de todos los tiempos.<\/p>\n","protected":false},"excerpt":{"rendered":"<p>El evento se llev\u00f3 a cabo en las oficinas de la direcci\u00f3n general del CECyTEC.<\/p>\n","protected":false},"author":1018,"featured_media":0,"comment_status":"open","ping_status":"open","sticky":false,"template":"","format":"standard","meta":{"tdm_status":"","tdm_grid_status":"","footnotes":""},"categories":[27],"tags":[],"_links":{"self":[{"href":"https:\/\/dralvarez.com.mx\/larevista\/wp-json\/wp\/v2\/posts\/62091"}],"collection":[{"href":"https:\/\/dralvarez.com.mx\/larevista\/wp-json\/wp\/v2\/posts"}],"about":[{"href":"https:\/\/dralvarez.com.mx\/larevista\/wp-json\/wp\/v2\/types\/post"}],"author":[{"embeddable":true,"href":"https:\/\/dralvarez.com.mx\/larevista\/wp-json\/wp\/v2\/users\/1018"}],"replies":[{"embeddable":true,"href":"https:\/\/dralvarez.com.mx\/larevista\/wp-json\/wp\/v2\/comments?post=62091"}],"version-history":[{"count":0,"href":"https:\/\/dralvarez.com.mx\/larevista\/wp-json\/wp\/v2\/posts\/62091\/revisions"}],"wp:attachment":[{"href":"https:\/\/dralvarez.com.mx\/larevista\/wp-json\/wp\/v2\/media?parent=62091"}],"wp:term":[{"taxonomy":"category","embeddable":true,"href":"https:\/\/dralvarez.com.mx\/larevista\/wp-json\/wp\/v2\/categories?post=62091"},{"taxonomy":"post_tag","embeddable":true,"href":"https:\/\/dralvarez.com.mx\/larevista\/wp-json\/wp\/v2\/tags?post=62091"}],"curies":[{"name":"wp","href":"https:\/\/api.w.org\/{rel}","templated":true}]}}