{"id":62088,"date":"2018-01-30T00:00:00","date_gmt":"2018-01-30T06:00:00","guid":{"rendered":"https:\/\/dralvarez.com.mx\/larevista\/blog\/indefos-imparte-curso-a-personal-de-la-secretaria-de-desarrollo-social-y-humano-21798"},"modified":"2018-01-30T00:00:00","modified_gmt":"2018-01-30T06:00:00","slug":"indefos-imparte-curso-a-personal-de-la-secretaria-de-desarrollo-social-y-humano-21798","status":"publish","type":"post","link":"https:\/\/dralvarez.com.mx\/larevista\/compeche\/indefos-imparte-curso-a-personal-de-la-secretaria-de-desarrollo-social-y-humano-21798","title":{"rendered":"INDEFOS imparte curso a personal de la Secretar\u00eda de Desarrollo Social y Humano"},"content":{"rendered":"<p>El Instituto de Desarrollo y Formaci\u00f3n Social (INDEFOS) imparti\u00f3 durante tres d\u00edas el curso de Capacitaci\u00f3n \u201cM\u00f3dulo 2\u201d, dirigido a personal de la Secretar\u00eda de Desarrollo Social y Humano (SEDESYH); con la finalidad de que puedan implementar nuevas t\u00e9cnicas de mejoras para  lograr la toma de decisiones efectivas dentro de su Instituci\u00f3n, adem\u00e1s de conseguir un proceso armonioso y brindar un servicio de mejor calidad, encauzando  beneficios de desarrollo para la sociedad. Durante la clausura se les motiv\u00f3 a aplicar lo aprendido y a fortalecer el trabajo en las Instituciones.<\/p>\n","protected":false},"excerpt":{"rendered":"<p>Con la finalidad de que puedan implementar nuevas t\u00e9cnicas de mejoras para  lograr la toma de decisiones efectivas dentro de su Instituci\u00f3n.<\/p>\n","protected":false},"author":1018,"featured_media":0,"comment_status":"open","ping_status":"open","sticky":false,"template":"","format":"standard","meta":{"tdm_status":"","tdm_grid_status":"","footnotes":""},"categories":[27],"tags":[],"_links":{"self":[{"href":"https:\/\/dralvarez.com.mx\/larevista\/wp-json\/wp\/v2\/posts\/62088"}],"collection":[{"href":"https:\/\/dralvarez.com.mx\/larevista\/wp-json\/wp\/v2\/posts"}],"about":[{"href":"https:\/\/dralvarez.com.mx\/larevista\/wp-json\/wp\/v2\/types\/post"}],"author":[{"embeddable":true,"href":"https:\/\/dralvarez.com.mx\/larevista\/wp-json\/wp\/v2\/users\/1018"}],"replies":[{"embeddable":true,"href":"https:\/\/dralvarez.com.mx\/larevista\/wp-json\/wp\/v2\/comments?post=62088"}],"version-history":[{"count":0,"href":"https:\/\/dralvarez.com.mx\/larevista\/wp-json\/wp\/v2\/posts\/62088\/revisions"}],"wp:attachment":[{"href":"https:\/\/dralvarez.com.mx\/larevista\/wp-json\/wp\/v2\/media?parent=62088"}],"wp:term":[{"taxonomy":"category","embeddable":true,"href":"https:\/\/dralvarez.com.mx\/larevista\/wp-json\/wp\/v2\/categories?post=62088"},{"taxonomy":"post_tag","embeddable":true,"href":"https:\/\/dralvarez.com.mx\/larevista\/wp-json\/wp\/v2\/tags?post=62088"}],"curies":[{"name":"wp","href":"https:\/\/api.w.org\/{rel}","templated":true}]}}