{"id":62086,"date":"2018-01-30T00:00:00","date_gmt":"2018-01-30T06:00:00","guid":{"rendered":"https:\/\/dralvarez.com.mx\/larevista\/blog\/contara-campeche-con-sala-especializada-para-la-atencion-del-autismo-21796"},"modified":"2018-01-30T00:00:00","modified_gmt":"2018-01-30T06:00:00","slug":"contara-campeche-con-sala-especializada-para-la-atencion-del-autismo-21796","status":"publish","type":"post","link":"https:\/\/dralvarez.com.mx\/larevista\/compeche\/contara-campeche-con-sala-especializada-para-la-atencion-del-autismo-21796","title":{"rendered":"Contar\u00e1 Campeche con sala especializada para la atenci\u00f3n del autismo"},"content":{"rendered":"<p>Al destacar que en breve se pondr\u00e1 en operaci\u00f3n una sala de atenci\u00f3n sensorial para ni\u00f1as y ni\u00f1os con autismo, que ser\u00eda la segunda en la pen\u00ednsula y la primera en instalaciones p\u00fablicas, el titular de la Secretar\u00eda de Educaci\u00f3n de Campeche (SEDUC), Ricardo Medina Farf\u00e1n, hizo entrega de equipamiento especializado para habilitar esta aula en el Centro de Atenci\u00f3n M\u00faltiple (CAM) n\u00famero 18.<\/p>\n<p>En este acto, Medina Farf\u00e1n, acompa\u00f1ado de la secretaria de Finanzas (SEFIN), Am\u00e9rica del Carmen Azar P\u00e9rez, destac\u00f3 que esta sala entrar\u00e1 en funciones en la segunda quincena del mes de febrero, y estar\u00e1 ubicada en las instalaciones de lo que antes era el Centro de Atenci\u00f3n Psicopedag\u00f3gico de Educaci\u00f3n Preescolar (CAPEP), espacio que gracias a la reorientaci\u00f3n de este servicio permite la consolidaci\u00f3n de este nuevo centro orientado especialmente a la atenci\u00f3n del autismo.<\/p>\n<p>En este sentido indic\u00f3 que se hizo un rescate de dicho espacio, se rehabilit\u00f3, y gracias a la donaci\u00f3n de la beneficencia p\u00fablica, as\u00ed como de diversas instituciones estatales como la Secretar\u00eda de Salud, el DIF Estatal, la SEFIN, entre otras, fue posible lograr el equipamiento con el que contar\u00e1 esta sala.<\/p>\n<p>El funcionario estatal refiri\u00f3 que s\u00f3lo el CRIT del Telet\u00f3n en M\u00e9rida cuenta con una sala sensorial, por lo que Campeche hace eco en acciones a trav\u00e9s de este espacio que se espera entre en funciones durante los pr\u00f3ximos meses, y en el cual se permitir\u00e1 mejorar la atenci\u00f3n, la integraci\u00f3n y el entrenamiento de las ni\u00f1as y los ni\u00f1os que cuentan con autismo.<\/p>\n<p>\u201cDado que el autismo es una de las circunstancias que m\u00e1s ha acrecentado su presencia en los planteles, y que impacta tambi\u00e9n en el sistema educativo, era necesario generar una instancia especializada para atender esta situaci\u00f3n y este es nuestro primer paso, conformar un \u00e1rea de alto nivel de especialidad con, no solamente los mejores profesionistas, sino al mismo tiempo con el equipamiento necesario que permita brindar de mejores condiciones a estos peque\u00f1os\u201d, afirm\u00f3.<\/p>\n<p>Finalmente, ante padres de familia, Medina Farf\u00e1n mencion\u00f3 que este centro contar\u00e1 con personal especializado que se ha orientado y capacitado en temas del autismo, se atender\u00e1 a ni\u00f1os de todo el Estado y paulatinamente se ir\u00e1 descentralizando el servicio en toda la entidad.<\/p>\n","protected":false},"excerpt":{"rendered":"<p>*Ser\u00eda la primera en una instituci\u00f3n p\u00fablica en toda la Pen\u00ednsula.<\/p>\n","protected":false},"author":1018,"featured_media":0,"comment_status":"open","ping_status":"open","sticky":false,"template":"","format":"standard","meta":{"tdm_status":"","tdm_grid_status":"","footnotes":""},"categories":[27],"tags":[],"_links":{"self":[{"href":"https:\/\/dralvarez.com.mx\/larevista\/wp-json\/wp\/v2\/posts\/62086"}],"collection":[{"href":"https:\/\/dralvarez.com.mx\/larevista\/wp-json\/wp\/v2\/posts"}],"about":[{"href":"https:\/\/dralvarez.com.mx\/larevista\/wp-json\/wp\/v2\/types\/post"}],"author":[{"embeddable":true,"href":"https:\/\/dralvarez.com.mx\/larevista\/wp-json\/wp\/v2\/users\/1018"}],"replies":[{"embeddable":true,"href":"https:\/\/dralvarez.com.mx\/larevista\/wp-json\/wp\/v2\/comments?post=62086"}],"version-history":[{"count":0,"href":"https:\/\/dralvarez.com.mx\/larevista\/wp-json\/wp\/v2\/posts\/62086\/revisions"}],"wp:attachment":[{"href":"https:\/\/dralvarez.com.mx\/larevista\/wp-json\/wp\/v2\/media?parent=62086"}],"wp:term":[{"taxonomy":"category","embeddable":true,"href":"https:\/\/dralvarez.com.mx\/larevista\/wp-json\/wp\/v2\/categories?post=62086"},{"taxonomy":"post_tag","embeddable":true,"href":"https:\/\/dralvarez.com.mx\/larevista\/wp-json\/wp\/v2\/tags?post=62086"}],"curies":[{"name":"wp","href":"https:\/\/api.w.org\/{rel}","templated":true}]}}