{"id":62084,"date":"2018-01-30T00:00:00","date_gmt":"2018-01-30T06:00:00","guid":{"rendered":"https:\/\/dralvarez.com.mx\/larevista\/blog\/presentacion-publica-final-de-acciones-tacticas-para-la-mejora-de-los-recursos-del-agua-en-el-territorio-21794"},"modified":"2018-01-30T00:00:00","modified_gmt":"2018-01-30T06:00:00","slug":"presentacion-publica-final-de-acciones-tacticas-para-la-mejora-de-los-recursos-del-agua-en-el-territorio-21794","status":"publish","type":"post","link":"https:\/\/dralvarez.com.mx\/larevista\/compeche\/presentacion-publica-final-de-acciones-tacticas-para-la-mejora-de-los-recursos-del-agua-en-el-territorio-21794","title":{"rendered":"Presentaci\u00f3n p\u00fablica final de acciones t\u00e1cticas para la mejora de los recursos del agua en el territorio"},"content":{"rendered":"<\/p>\n<p>Al presidir la<br \/>\nPresentaci\u00f3n p\u00fablica final de Acciones T\u00e1cticas para la Mejora de los Recursos<br \/>\ndel agua en el Territorio, el alcalde de Campeche, Edgar Hern\u00e1ndez Hern\u00e1ndez,<br \/>\nrefrend\u00f3 el compromiso de respaldar hasta el \u00faltimo d\u00eda de su gesti\u00f3n la<br \/>\nadecuaci\u00f3n y la aplicaci\u00f3n de las normas, la gesti\u00f3n de recursos y la<br \/>\nplaneaci\u00f3n urbana para hacer de Campeche una ciudad moderna y sustentable sin<br \/>\nperder nunca su fisonom\u00eda hist\u00f3rica.<\/p>\n<p>En presencia de la<br \/>\nrepresentante personal del Gobernador Alejandro Moreno C\u00e1rdenas, Abril Caba\u00f1as<br \/>\nAbreu y acompa\u00f1ado del Secretario de Planeaci\u00f3n del Gobierno del Estado, Ram\u00f3n<br \/>\nArredondo Anguiano, el Presidente Municipal de Campeche manifest\u00f3 que seguir\u00e1<br \/>\nabriendo espacios a la sociedad civil y trabajando juntos en el tema de la<br \/>\nsustentabilidad.<\/p>\n<p>Se\u00f1al\u00f3 que la<br \/>\nrealizaci\u00f3n de la reuni\u00f3n de trabajo sobre acciones t\u00e9cnicas y t\u00e1cticas para<br \/>\nmejorar en forma duradera el recurso agua del territorio y adaptarse a los<br \/>\ncambios clim\u00e1ticos, es un logro muy importante en el marco de la cooperaci\u00f3n<br \/>\nfranco-mexicana y nuestra vinculaci\u00f3n con el municipio de La Rochelle, Francia.<\/p>\n<p>Dijo que el programa<br \/>\nCampeche Ciudad Sustentable alcanz\u00f3 logros significativos desde que se<br \/>\nsuscribieron los protocolos correspondientes del Gobierno de Francia y el<br \/>\nAyuntamiento, con la acertada gesti\u00f3n del Gobernador del Estado, \u201cvaloramos lo<br \/>\nimportante que es para nuestra ciudad capital el tema de la sustentabilidad\u201d.<\/p>\n<p>Hern\u00e1ndez Hern\u00e1ndez destac\u00f3<br \/>\nla participaci\u00f3n de Gast\u00f3n Romero Gonz\u00e1lez, presidente del Consejo de la Cuenca<br \/>\nde la Pen\u00ednsula de Yucat\u00e1n, quien plante\u00f3 la necesidad de impulsar un Comit\u00e9<br \/>\nespec\u00edfico de la cuenca vertiente de Campeche como soporte institucional de la<br \/>\nsociedad civil, y valor\u00f3 la propuesta del Arq. Juan Antonio V\u00e1zquez Garc\u00eda,<br \/>\npresidente del Colegio de Arquitectos de Campeche, centrada en la participaci\u00f3n<br \/>\nciudadana y la implementaci\u00f3n de un Manifiesto donde se exponga el esquema de esa<br \/>\nparticipaci\u00f3n para fomentar la Cultura del cuidado del agua.<\/p>\n<p>Por su parte el<br \/>\nSecretario de Planeaci\u00f3n se\u00f1al\u00f3 que en el marco de la cooperaci\u00f3n<br \/>\ndescentralizada Francia-M\u00e9xico, de la que deriva la cooperaci\u00f3n entre Campeche<br \/>\ny la Aglomeraci\u00f3n de La Rochelle, se ha profundizado en los mecanismos de<br \/>\ntrabajo y colaboraci\u00f3n para avanzar en la instrumentaci\u00f3n del proyecto<br \/>\n\u201cCampeche Ciudad Sustentable\u201d.<\/p>\n<p>\u201cLa gesti\u00f3n sostenible<br \/>\ndel agua es una de las vertientes m\u00e1s relevantes del proyecto, y tiene que ver<br \/>\ncon el \u00f3ptimo aprovechamiento y la eficiente operaci\u00f3n de los sistemas de<br \/>\nsuministro y saneamiento del recurso h\u00eddrico, y por ello en las \u00faltimas dos<br \/>\nsemanas t\u00e9cnicos y especialistas de la organizaci\u00f3n no gubernamental francesa<br \/>\nBleu Versant, estuvieron trabajando en Campeche impartiendo talleres y<br \/>\nparticipando en reuniones con actores locales, tanto del sector p\u00fablico como de<br \/>\nla sociedad civil\u201d.<\/p>\n<p>Reconoci\u00f3 la<br \/>\ncolaboraci\u00f3n de los funcionarios municipales, y especialmente del alcalde<br \/>\nHern\u00e1ndez Hern\u00e1ndez.<\/p>\n<p>Por su parte Barth\u00e9l\u00e9my<br \/>\nSchlumberger, presidente de la ONG Bleu Versant, present\u00f3 una amplia exposici\u00f3n<br \/>\nde los trabajos realizados y las conclusiones de la denominada \u201cExpedici\u00f3n<br \/>\nLitoral Interior. Entender y actuar para el agua en el Territorio\u201d.<\/p>\n<p>Por el Sector Social, intervinieron  Gast\u00f3n Romero Gonz\u00e1lez, presidente del<br \/>\nConsejo de Cuenca de la Pen\u00ednsula de Yucat\u00e1n, Juan Antonio V\u00e1zquez Garc\u00eda, presidente<br \/>\ndel Colegio de Arquitectos de Campeche, y Andr\u00e9s Garc\u00eda Carpizo, presidente del<br \/>\nComit\u00e9 Promotor de la Responsabilidad Social Empresarial &nbsp;\u201cAliarse por Campeche\u201d.<\/p>\n<p>A la reuni\u00f3n asisti\u00f3 la<br \/>\npresidenta del DIF Municipal, Enna Ortiz de Hern\u00e1ndez, el Secretario de la<br \/>\ncomuna, Jes\u00fas Qui\u00f1ones Loeza, la ex alcaldesa Rosa Esther Ruiz Rodr\u00edguez,<br \/>\nfuncionarios estatales y municipales, e integrantes de la delegaci\u00f3n francesa.<\/p><\/p>\n","protected":false},"excerpt":{"rendered":"<p>El alcalde de hacer de Campeche una ciudad moderna y sustentable sin perder nunca su fisonom\u00eda hist\u00f3rica.<\/p>\n","protected":false},"author":1018,"featured_media":0,"comment_status":"open","ping_status":"open","sticky":false,"template":"","format":"standard","meta":{"tdm_status":"","tdm_grid_status":"","footnotes":""},"categories":[27],"tags":[],"_links":{"self":[{"href":"https:\/\/dralvarez.com.mx\/larevista\/wp-json\/wp\/v2\/posts\/62084"}],"collection":[{"href":"https:\/\/dralvarez.com.mx\/larevista\/wp-json\/wp\/v2\/posts"}],"about":[{"href":"https:\/\/dralvarez.com.mx\/larevista\/wp-json\/wp\/v2\/types\/post"}],"author":[{"embeddable":true,"href":"https:\/\/dralvarez.com.mx\/larevista\/wp-json\/wp\/v2\/users\/1018"}],"replies":[{"embeddable":true,"href":"https:\/\/dralvarez.com.mx\/larevista\/wp-json\/wp\/v2\/comments?post=62084"}],"version-history":[{"count":0,"href":"https:\/\/dralvarez.com.mx\/larevista\/wp-json\/wp\/v2\/posts\/62084\/revisions"}],"wp:attachment":[{"href":"https:\/\/dralvarez.com.mx\/larevista\/wp-json\/wp\/v2\/media?parent=62084"}],"wp:term":[{"taxonomy":"category","embeddable":true,"href":"https:\/\/dralvarez.com.mx\/larevista\/wp-json\/wp\/v2\/categories?post=62084"},{"taxonomy":"post_tag","embeddable":true,"href":"https:\/\/dralvarez.com.mx\/larevista\/wp-json\/wp\/v2\/tags?post=62084"}],"curies":[{"name":"wp","href":"https:\/\/api.w.org\/{rel}","templated":true}]}}