{"id":62079,"date":"2018-01-30T00:00:00","date_gmt":"2018-01-30T06:00:00","guid":{"rendered":"https:\/\/dralvarez.com.mx\/larevista\/blog\/organizacion-internacional-del-trabajo-impartira-importante-taller-en-campeche-21789"},"modified":"2018-01-30T00:00:00","modified_gmt":"2018-01-30T06:00:00","slug":"organizacion-internacional-del-trabajo-impartira-importante-taller-en-campeche-21789","status":"publish","type":"post","link":"https:\/\/dralvarez.com.mx\/larevista\/compeche\/organizacion-internacional-del-trabajo-impartira-importante-taller-en-campeche-21789","title":{"rendered":"Organizaci\u00f3n internacional del trabajo impartir\u00e1 importante taller en Campeche"},"content":{"rendered":"<p>El Gobierno del Estado de Campeche, en coordinaci\u00f3n con la Organizaci\u00f3n Internacional del Trabajo (OIT), ofrece el Taller \u201cLa Recomendaci\u00f3n 204 de la OIT como marco para el dise\u00f1o de estrategia para la formalizaci\u00f3n\u201d, que ser\u00e1 impartido el pr\u00f3ximo 01 de febrero en el Sal\u00f3n Gobernadores, con duraci\u00f3n de siete horas.<\/p>\n<p>El objetivo es brindar mejores elementos para el dise\u00f1o de una estrategia que promueva e incremente la formalizaci\u00f3n del empleo en la entidad, a trav\u00e9s de la Secretar\u00eda de Trabajo y Previsi\u00f3n Social (STPSCAM).<\/p>\n<p>En el taller se contar\u00e1 con la participaci\u00f3n de personal de la STPSCAM, del Instituto Mexicano del Seguro Social (IMSS), el Instituto de Capacitaci\u00f3n para el Trabajo del Estado de Campeche (Icatcam), el Instituto para el Desarrollo de la Micro, Peque\u00f1a y Mediana Empresa (INDEMIPyME), del Instituto Campechano del Emprendedor (ICEM), as\u00ed como del Consejo Coordinador Empresarial (CCE), entre otras instancias de gobierno y organizaciones.<\/p>\n<p>Es importante destacar que la OIT es una agencia tripartita de la Organizaci\u00f3n de las Naciones Unidas (ONU), que cuenta con m\u00e1s de 187 estados miembros dentro de su estructura y realiza diversas actividades a fin de establecer las normas del trabajo, formular pol\u00edticas y elaborar programas promoviendo el trabajo decente de todos, mujeres y hombres, lo que motiv\u00f3 preparar este taller para ser aplicado en Campeche.<\/p>\n<p>A cargo de la instrucci\u00f3n estar\u00e1n los especialistas de la OIT, Helmut Schwarzer, experto en Protecci\u00f3n Social y Desarrollo Econ\u00f3mico, y Soledad Arag\u00f3n Mart\u00ednez, Oficial Nacional del Proyecto Formalizaci\u00f3n de Empleo, ambos con amplia trayectoria en sus respectivas disciplinas.<\/p>\n<p>El taller tendr\u00e1 duraci\u00f3n de siete horas, se prev\u00e9 el registro de m\u00e1s de 40 participantes, y que contribuya los planes y alternativas de mejoramiento de la pol\u00edtica laboral en cada una las instituciones y organizaciones concurrentes.<\/p>\n<p>Con esta actividad, el Gobierno del Estado de Campeche inicia estrecha colaboraci\u00f3n con la OIT, lo que se espera sean organizados a corto plazo nos permitan mejorar en materia, para beneficio de los trabajadores campechanos.<\/p>\n","protected":false},"excerpt":{"rendered":"<p>Taller \u201cLa Recomendaci\u00f3n 204 de la OIT como marco para el dise\u00f1o de estrategia para la formalizaci\u00f3n\u201d.<\/p>\n","protected":false},"author":1018,"featured_media":0,"comment_status":"open","ping_status":"open","sticky":false,"template":"","format":"standard","meta":{"tdm_status":"","tdm_grid_status":"","footnotes":""},"categories":[27],"tags":[],"_links":{"self":[{"href":"https:\/\/dralvarez.com.mx\/larevista\/wp-json\/wp\/v2\/posts\/62079"}],"collection":[{"href":"https:\/\/dralvarez.com.mx\/larevista\/wp-json\/wp\/v2\/posts"}],"about":[{"href":"https:\/\/dralvarez.com.mx\/larevista\/wp-json\/wp\/v2\/types\/post"}],"author":[{"embeddable":true,"href":"https:\/\/dralvarez.com.mx\/larevista\/wp-json\/wp\/v2\/users\/1018"}],"replies":[{"embeddable":true,"href":"https:\/\/dralvarez.com.mx\/larevista\/wp-json\/wp\/v2\/comments?post=62079"}],"version-history":[{"count":0,"href":"https:\/\/dralvarez.com.mx\/larevista\/wp-json\/wp\/v2\/posts\/62079\/revisions"}],"wp:attachment":[{"href":"https:\/\/dralvarez.com.mx\/larevista\/wp-json\/wp\/v2\/media?parent=62079"}],"wp:term":[{"taxonomy":"category","embeddable":true,"href":"https:\/\/dralvarez.com.mx\/larevista\/wp-json\/wp\/v2\/categories?post=62079"},{"taxonomy":"post_tag","embeddable":true,"href":"https:\/\/dralvarez.com.mx\/larevista\/wp-json\/wp\/v2\/tags?post=62079"}],"curies":[{"name":"wp","href":"https:\/\/api.w.org\/{rel}","templated":true}]}}