{"id":62054,"date":"2018-01-30T00:00:00","date_gmt":"2018-01-30T06:00:00","guid":{"rendered":"https:\/\/dralvarez.com.mx\/larevista\/blog\/reunion-de-trabajo-con-las-responsables-de-los-cdc-y-del-programa-formando-lazos-21764"},"modified":"2018-01-30T00:00:00","modified_gmt":"2018-01-30T06:00:00","slug":"reunion-de-trabajo-con-las-responsables-de-los-cdc-y-del-programa-formando-lazos-21764","status":"publish","type":"post","link":"https:\/\/dralvarez.com.mx\/larevista\/compeche\/reunion-de-trabajo-con-las-responsables-de-los-cdc-y-del-programa-formando-lazos-21764","title":{"rendered":"Reuni\u00f3n de trabajo con las responsables de los CDC y del Programa Formando Lazos"},"content":{"rendered":"<p>Con el objetivo de contribuir a la reconstrucci\u00f3n del tejido social, la adquisici\u00f3n de un estilo de vida saludable y el fortalecimiento de la econom\u00eda familiar, el Sistema Estatal para el Desarrollo Integral de la Familia (DIF), a trav\u00e9s de la Direcci\u00f3n de Desarrollo Familiar y Voluntariado, realiz\u00f3 una reuni\u00f3n de trabajo con las responsables de los 28 Centro de Desarrollo Comunitario (CDC) y del Programa \u201cFormando Lazos\u201d, para delinear programas y alcances en este a\u00f1o 2018.<\/p>\n<p>A nombre de la Presidenta del Patronato del DIF Estatal, Christelle Casta\u00f1\u00f3n de Moreno, la Directora de Desarrollo Familiar y Voluntariado, Sonia Castilla Trevi\u00f1o, exhort\u00f3 a los participantes a promover el desarrollo de las capacidades y habilidades de las personas por medio de cursos, talleres y servicios; y precis\u00f3 que todos deben de contribuir para que las comunidades tambi\u00e9n vivan procesos que las hagan avanzar hacia mejores condiciones de bienestar. \u201cUna comunidad se desarrolla cuando mejoran en conjunto los elementos que la integran, es decir, cuando ofrece oportunidades para el desarrollo pleno de los distintos grupos que la integran: ni\u00f1os y ni\u00f1as, adolescentes, j\u00f3venes, adultos, adultos mayores, mujeres, hombres y personas con discapacidad\u201d, dijo.<\/p>\n","protected":false},"excerpt":{"rendered":"<p>Con el objetivo de contribuir a la reconstrucci\u00f3n del tejido social, la adquisici\u00f3n de un estilo de vida saludable y el fortalecimiento de la econom\u00eda<\/p>\n","protected":false},"author":1018,"featured_media":0,"comment_status":"open","ping_status":"open","sticky":false,"template":"","format":"standard","meta":{"tdm_status":"","tdm_grid_status":"","footnotes":""},"categories":[27],"tags":[],"_links":{"self":[{"href":"https:\/\/dralvarez.com.mx\/larevista\/wp-json\/wp\/v2\/posts\/62054"}],"collection":[{"href":"https:\/\/dralvarez.com.mx\/larevista\/wp-json\/wp\/v2\/posts"}],"about":[{"href":"https:\/\/dralvarez.com.mx\/larevista\/wp-json\/wp\/v2\/types\/post"}],"author":[{"embeddable":true,"href":"https:\/\/dralvarez.com.mx\/larevista\/wp-json\/wp\/v2\/users\/1018"}],"replies":[{"embeddable":true,"href":"https:\/\/dralvarez.com.mx\/larevista\/wp-json\/wp\/v2\/comments?post=62054"}],"version-history":[{"count":0,"href":"https:\/\/dralvarez.com.mx\/larevista\/wp-json\/wp\/v2\/posts\/62054\/revisions"}],"wp:attachment":[{"href":"https:\/\/dralvarez.com.mx\/larevista\/wp-json\/wp\/v2\/media?parent=62054"}],"wp:term":[{"taxonomy":"category","embeddable":true,"href":"https:\/\/dralvarez.com.mx\/larevista\/wp-json\/wp\/v2\/categories?post=62054"},{"taxonomy":"post_tag","embeddable":true,"href":"https:\/\/dralvarez.com.mx\/larevista\/wp-json\/wp\/v2\/tags?post=62054"}],"curies":[{"name":"wp","href":"https:\/\/api.w.org\/{rel}","templated":true}]}}