{"id":62051,"date":"2018-01-30T00:00:00","date_gmt":"2018-01-30T06:00:00","guid":{"rendered":"https:\/\/dralvarez.com.mx\/larevista\/blog\/dif-estatal-realiza-con-exito-comparsas-juveniles-2018-21761"},"modified":"2018-01-30T00:00:00","modified_gmt":"2018-01-30T06:00:00","slug":"dif-estatal-realiza-con-exito-comparsas-juveniles-2018-21761","status":"publish","type":"post","link":"https:\/\/dralvarez.com.mx\/larevista\/compeche\/dif-estatal-realiza-con-exito-comparsas-juveniles-2018-21761","title":{"rendered":"DIF Estatal realiza con \u00e9xito comparsas juveniles 2018"},"content":{"rendered":"<p>Con un desplegado de creatividad y con el prop\u00f3sito principal de ayudar a las personas vulnerables, se llev\u00f3 a cabo la primera edici\u00f3n de Comparsas Juveniles 2018, donde m\u00e1s de 275 bailarines presentaron un espect\u00e1culo con calidad y esfuerzo, que fue reconocido por la Directora de Desarrollo Familiar y Voluntariado, Sonia Castilla Trevi\u00f1o, en representaci\u00f3n de la Presidenta del Patronato del DIF Estatal, Christelle Casta\u00f1\u00f3n de Moreno.<\/p>\n<p>Cabe mencionar que el monto recaudado por este evento art\u00edstico ser\u00e1 canalizado para los programas de asistencia social que realiza la instituci\u00f3n en toda la entidad a favor de los que menos tienen.<\/p>\n<p>El espect\u00e1culo, que se realiz\u00f3 en el Centro de Convenciones Campeche XXI, inici\u00f3 con la presentaci\u00f3n de los Reyes de Personas con Discapacidad 2018, Mar\u00eda Jos\u00e9 Sandoval Murgas y Carlos Omar Williams Le\u00f3n, con la comparsa \u201cM\u00e9xico vivo\u201d; seguida  de la Academia de baile \u201cCinderella\u201d, con la comparsa \u201cDos mundos\u201d; la comparsa \u201cHavana con swing\u201d; la Academia de Danza \u201cMar\u00eda Taglioni\u201d, con la comparsa \u201cExplosi\u00f3n Bombero\u201d; y la destacada actuaci\u00f3n de la reina de Danzar\u00eda Estudio, Guelmy Andrea Castillo Castillo, con la comparsa \u201cMerengueando\u201d.<\/p>\n<p>Asimismo, la Linda San Francisque\u00f1a, Rebeca Ense\u00f1at Pal\u00ed, particip\u00f3 con la comparsa \u201cA gozar mi barrio\u201d; la Escuela de Danza \u201cAna Pavlova\u201d, con la comparsa \u201cSalsa X-treme\u201d; mientras que la reina de la Escuela de Danza \u201cNubia Palma\u201d, Fabiola Guadalupe Marcos Cosgaya, deleit\u00f3 al p\u00fablico con  la comparsa \u201cCataleya\u201d; la  reina de la Academia de Danza \u201cExpresiones\u201d, Paulina de la Cruz Balan, con la comparsa \u201cSabor a Colombia\u201d, y la reina de la Academia de Danza Performances, Lirio Estefania Pe\u00f1a M\u00e9ndez, con la comparsa \u201cFusi\u00f3n Gitana\u201d.<\/p>\n<p>El espect\u00e1culo contin\u00fao con la presentaci\u00f3n de la Academia de danza \u201cIsadora Duncan\u201d, con la comparsa \u201cElectro music\u201d; la academia de danza \u201cCollage\u201d, con la comparsa \u201cMu\u00e9velo\u201d;  la Escuela de Danza \u201cZenzontle\u201d, con la comparsa \u201cHeiva\u201d; la Reina del Carnaval, Duly Ivonne Sosa Andino, con la comparsa \u201cLa diosa del tambor\u201d y cerr\u00f3 la noche la presentaci\u00f3n del Rey  del Carnaval, Manuel Mart\u00ednez Hern\u00e1ndez, con la comparsa \u201cEl Rey de la Salsa\u201d. Cabe mencionar tambi\u00e9n asisti\u00f3 el coordinador del carnaval y fiestas tradicionales, Manuel Dzul Chiquin\u00ed, padres de familia que aplaudieron el talento y compromiso de estos adolescentes.<\/p>\n","protected":false},"excerpt":{"rendered":"<p>Con un desplegado de creatividad y con el prop\u00f3sito principal de ayudar a las personas vulnerables.<\/p>\n","protected":false},"author":1018,"featured_media":0,"comment_status":"open","ping_status":"open","sticky":false,"template":"","format":"standard","meta":{"tdm_status":"","tdm_grid_status":"","footnotes":""},"categories":[27],"tags":[],"_links":{"self":[{"href":"https:\/\/dralvarez.com.mx\/larevista\/wp-json\/wp\/v2\/posts\/62051"}],"collection":[{"href":"https:\/\/dralvarez.com.mx\/larevista\/wp-json\/wp\/v2\/posts"}],"about":[{"href":"https:\/\/dralvarez.com.mx\/larevista\/wp-json\/wp\/v2\/types\/post"}],"author":[{"embeddable":true,"href":"https:\/\/dralvarez.com.mx\/larevista\/wp-json\/wp\/v2\/users\/1018"}],"replies":[{"embeddable":true,"href":"https:\/\/dralvarez.com.mx\/larevista\/wp-json\/wp\/v2\/comments?post=62051"}],"version-history":[{"count":0,"href":"https:\/\/dralvarez.com.mx\/larevista\/wp-json\/wp\/v2\/posts\/62051\/revisions"}],"wp:attachment":[{"href":"https:\/\/dralvarez.com.mx\/larevista\/wp-json\/wp\/v2\/media?parent=62051"}],"wp:term":[{"taxonomy":"category","embeddable":true,"href":"https:\/\/dralvarez.com.mx\/larevista\/wp-json\/wp\/v2\/categories?post=62051"},{"taxonomy":"post_tag","embeddable":true,"href":"https:\/\/dralvarez.com.mx\/larevista\/wp-json\/wp\/v2\/tags?post=62051"}],"curies":[{"name":"wp","href":"https:\/\/api.w.org\/{rel}","templated":true}]}}