{"id":62048,"date":"2018-01-30T00:00:00","date_gmt":"2018-01-30T06:00:00","guid":{"rendered":"https:\/\/dralvarez.com.mx\/larevista\/blog\/dif-estatal-reconoce-talento-de-ninas-y-ninos-en-tarde-de-comparsas-infantiles-2018-21758"},"modified":"2018-01-30T00:00:00","modified_gmt":"2018-01-30T06:00:00","slug":"dif-estatal-reconoce-talento-de-ninas-y-ninos-en-tarde-de-comparsas-infantiles-2018-21758","status":"publish","type":"post","link":"https:\/\/dralvarez.com.mx\/larevista\/compeche\/dif-estatal-reconoce-talento-de-ninas-y-ninos-en-tarde-de-comparsas-infantiles-2018-21758","title":{"rendered":"DIF Estatal reconoce talento de ni\u00f1as y ni\u00f1os en tarde de comparsas infantiles 2018"},"content":{"rendered":"<p>Disfraces, maquillajes, bailes, m\u00e1scaras y mucha diversi\u00f3n, se vivieron en la tarde de Comparsas Infantiles 2018, como parte de las fiestas del  carnaval, y donde 289 ni\u00f1as y ni\u00f1os presentaron 12 comparsas con diferentes ritmos, como parte de nuestras tradiciones.<\/p>\n<p>En representaci\u00f3n de la Presidenta del Patronato del DIF Estatal, Christelle Casta\u00f1\u00f3n de Moreno, la Directora de Desarrollo Familiar y Voluntariado, Sonia Castilla Trevi\u00f1o, felicit\u00f3 a los pap\u00e1s y los ni\u00f1os por colaborar para la asistencia social. <br \/>Se sum\u00f3 a esta tarde de comparsas, la Presidenta del Patronato del Sistema DIF Municipal de Campeche, Enna Ortiz de Hern\u00e1ndez, quien junto con el p\u00fablico disfrut\u00f3 del talento de todos los ni\u00f1os y ni\u00f1as que, adem\u00e1s de bailar, contribuyeron con las causas sociales, debido a que la recaudaci\u00f3n obtenida es para apoyar los programas de asistencia social que realiza el DIF Estatal en  los 11 municipios.<\/p>\n<p>Rebeca Bencomo Mart\u00ednez y Jorge Alejandro Montero Rodr\u00edguez, reyes del carnaval infantil 2018 abrieron la tarde con la comparsa \u201cBando dominguero\u201d;  luego se present\u00f3 la comparsa \u201cUn paseo por los alpes\u201d; seguida de la academia de Danza \u201cMar\u00eda Taglioni\u201d con la comparsa \u201cBasquet kids\u201d; as\u00ed como de la Escuela de Danza \u201cExpresiones art\u00edsticas y deportivas Nubia Palma\u201d, con la comparsa \u201cFiesta Colombia\u201d.<\/p>\n<p>La reina de la Escuela de danza y zumba \u201cMirnas\u201d, Mary Carmen Jim\u00e9nez Flores, present\u00f3 la comparsa \u201cRarotongumberita\u201d; la reina de la academia de Danza \u201cTamara Rojo\u201d, Danna Nicole Cobos Coyoc, con la comparsa \u201cAl ritmo de las ardillas\u201d y el primer bloque cerr\u00f3 con la pasarela de la Chiquitita \u201cSan Rom\u00e1n\u201d, Anyde Guadalupe Castillo Avilez.<\/p>\n<p>Posteriormente, la reina de la academia de Baile \u201cDonaji\u201d, Andrea Bencomo S\u00e1nchez, bal\u00f3 con su comparsa \u201cPara\u00edso\u201d; el Estudio de Belly Dance \u201cFarah\u201d, con la comparsa \u201cBellycovers\u201d; la reina de la academia de danza \u201cExpresiones\u201d, Paulina de la Cruz Balan, con la comparsa \u201cSabor a Colombia\u201d;  la escuela de Danza Zentzontle, con la comparsa \u201cFallahi\u201d; el grupo independiente  present\u00f3 la comparsa \u201cMambo kids\u201d; y cerr\u00f3 la tarde la academia de Artes \u201cDiana Castillo\u201d, con la comparsa \u201cPrincesas de Egipto\u201d.<\/p>\n","protected":false},"excerpt":{"rendered":"<p>Disfraces, maquillajes, bailes, m\u00e1scaras y mucha diversi\u00f3n.<\/p>\n","protected":false},"author":1018,"featured_media":0,"comment_status":"open","ping_status":"open","sticky":false,"template":"","format":"standard","meta":{"tdm_status":"","tdm_grid_status":"","footnotes":""},"categories":[27],"tags":[],"_links":{"self":[{"href":"https:\/\/dralvarez.com.mx\/larevista\/wp-json\/wp\/v2\/posts\/62048"}],"collection":[{"href":"https:\/\/dralvarez.com.mx\/larevista\/wp-json\/wp\/v2\/posts"}],"about":[{"href":"https:\/\/dralvarez.com.mx\/larevista\/wp-json\/wp\/v2\/types\/post"}],"author":[{"embeddable":true,"href":"https:\/\/dralvarez.com.mx\/larevista\/wp-json\/wp\/v2\/users\/1018"}],"replies":[{"embeddable":true,"href":"https:\/\/dralvarez.com.mx\/larevista\/wp-json\/wp\/v2\/comments?post=62048"}],"version-history":[{"count":0,"href":"https:\/\/dralvarez.com.mx\/larevista\/wp-json\/wp\/v2\/posts\/62048\/revisions"}],"wp:attachment":[{"href":"https:\/\/dralvarez.com.mx\/larevista\/wp-json\/wp\/v2\/media?parent=62048"}],"wp:term":[{"taxonomy":"category","embeddable":true,"href":"https:\/\/dralvarez.com.mx\/larevista\/wp-json\/wp\/v2\/categories?post=62048"},{"taxonomy":"post_tag","embeddable":true,"href":"https:\/\/dralvarez.com.mx\/larevista\/wp-json\/wp\/v2\/tags?post=62048"}],"curies":[{"name":"wp","href":"https:\/\/api.w.org\/{rel}","templated":true}]}}