{"id":62009,"date":"2018-01-29T00:00:00","date_gmt":"2018-01-29T06:00:00","guid":{"rendered":"https:\/\/dralvarez.com.mx\/larevista\/blog\/avanza-sin-contratiempos-construccion-del-nuevo-puente-de-la-unidad-21718"},"modified":"2018-01-29T00:00:00","modified_gmt":"2018-01-29T06:00:00","slug":"avanza-sin-contratiempos-construccion-del-nuevo-puente-de-la-unidad-21718","status":"publish","type":"post","link":"https:\/\/dralvarez.com.mx\/larevista\/compeche\/avanza-sin-contratiempos-construccion-del-nuevo-puente-de-la-unidad-21718","title":{"rendered":"Avanza sin contratiempos construcci\u00f3n del Nuevo Puente de la Unidad"},"content":{"rendered":"<\/p>\n<p><b>CARMEN.-<\/b> El gobernador alejandro Moreno<br \/>\nC\u00e1rdenas supervis\u00f3 la construcci\u00f3n del nuevo puente de La Unidad, que a la<br \/>\nfecha registra un avance del 40 por ciento, y confirm\u00f3 que la obra, fundamental<br \/>\npara los carmelitas pero tambi\u00e9n para el desarrollo econ\u00f3mico del estado y del<br \/>\npa\u00eds, estar\u00e1 lista en el \u00faltimo trimestre de 2018 y ser\u00e1 inaugurada por el<br \/>\npresidente Enrique Pe\u00f1a Nieto.<\/p>\n<p>\u201cEsta<br \/>\nobra la anunciaron dos ex presidentes de la Rep\u00fablica y no la construyeron;<br \/>\npara el 2015 estaba cancelada por la estrechez financiera que provoc\u00f3 la<br \/>\nca\u00edda en los precios y la producci\u00f3n de petr\u00f3leo, pero fue durante mi gobierno, con el<br \/>\nrespaldo del presidente Pe\u00f1a Nieto, que se hizo realidad\u201d, record\u00f3 Moreno<br \/>\nC\u00e1rdenas ante representantes de medios de comunicaci\u00f3n que estuvieron presentes<br \/>\nen el recorrido.<\/p>\n<p>Acompa\u00f1ado por el secretario de Desarrollo Urbano, Obras<br \/>\nPublicas e Infraestructura (Seduopi), Edilberto Buenfil Montalvo, y el director<br \/>\ngeneral del Centro SCT Campeche, Eliasib Polanco Sald\u00edvar, el mandatario<br \/>\nestatal enfatiz\u00f3 que la edificaci\u00f3n del nuevo puente culminar\u00e1 este a\u00f1o con una<br \/>\ninversi\u00f3n estimada entre mil 500 y dos mil millones de pesos, de los que el<br \/>\nGobierno del Estado aporta mil millones.<\/p>\n<p>Ante ingenieros, arquitectos, contratistas, obreros y<br \/>\nfamilias carmelitas, Moreno C\u00e1rdenas dijo que hay que informar puntualmente a<br \/>\nlos ciudadanos para que sepan c\u00f3mo va la obra y est\u00e9n enterados que ser\u00e1<br \/>\ninaugurada en el \u00faltimo trimestre del a\u00f1o.<\/p>\n<p>\u201cHay que reconocer que esta obra ha sido un gran esfuerzo<br \/>\nde todos; principalmente del pueblo carmelita que ha luchado todo el tiempo<br \/>\npara tener una obra de calidad y de primera\u201d afirm\u00f3.<\/p>\n<p>Puntualiz\u00f3 que en las pr\u00f3ximas semanas har\u00e1 anuncios de<br \/>\nobras trascendentales para el municipio de Carmen, que le dar\u00e1n un rostro de<br \/>\nmodernidad.<\/p>\n<p>Antes, el subsecretario de obras p\u00fablicas, \u00c1lvaro Buenfil<br \/>\nBerm\u00fadez, explic\u00f3 que el puente tendr\u00e1 3.2 kil\u00f3metros de longitud; 14 metros de<br \/>\nancho donde se incluyen dos carriles de circulaci\u00f3n de 3.50 metros de ancho<br \/>\ncada uno, acotamientos de 2.50 metros, banquetas de un metro de ancho de cada<br \/>\nlado; tambi\u00e9n, tendr\u00e1 un galibo con una altura m\u00e1xima de 17 metros para que<br \/>\nembarcaciones de mayor altura puedan circular por debajo del puente.<\/p>\n<p>Especific\u00f3 que el proyecto contempla la ampliaci\u00f3n del<br \/>\npuente a cuatro carriles cuando los actuarios vehiculares lo requieran. La<br \/>\nestructura est\u00e1 compuesta por 73 claros de 45 metros de longitud, conformados<br \/>\npor seis trabes Nebraska de 45 metros con un peso de 90 toneladas y una<br \/>\nsubestructura de 72 apoyos con 564 pilotes y 73 cabezales.<\/p>\n<p>Coment\u00f3 que hay un equipo de 75 profesionistas, entre<br \/>\ningenieros, laboratoristas, arquitectos, top\u00f3grafos y personal administrativo<br \/>\nque supervisan constantemente la obra para cuidar la calidad de su construcci\u00f3n,<br \/>\ny que la obra est\u00e1 generando 489 empleos directos y mil 800 indirectos.<\/p>\n<p>Previo al recorrido, el gobernador visit\u00f3 el patio de<br \/>\noperaciones donde se fabrican trabes y se efect\u00faa el armado de piezas de acero<br \/>\nque se utilizan en la edificaci\u00f3n de la estructura.<\/p>\n<p>En el recorrido tambi\u00e9n estuvieron presentes, la titular<br \/>\nde la Secretar\u00eda de Finanzas, Am\u00e9rica Azar P\u00e9rez; Jos\u00e9 Antonio El\u00edas, residente<br \/>\nde obra; Samuel V\u00e1zquez Gasca, del consorcio del puente de La Unidad, y Alberto<br \/>\nPatr\u00f3n Solares, dise\u00f1ador del puente y supervisor t\u00e9cnico.<\/p>\n<p><b><i>Palabras del Gobernador del Estado, Alejandro Moreno C\u00e1rdenas<\/i><\/b><\/p>\n<p>Muy buenos d\u00edas. Compartirles a todos nuestros amigos de los medios de comunicaci\u00f3n, principalmente; a quienes est\u00e1n a cargo de esta obra tan importante, ingenieros, profesionales, el proyectista, los encargados de la empresa que est\u00e1n aqu\u00ed, la Secretar\u00eda de Obras P\u00fablicas, la Secretar\u00eda de Comunicaciones y Transportes, la Secretar\u00eda de Finanzas, todos. Y es algo muy puntual que quiero compartir para los medios de comunicaci\u00f3n, esta obra, amigas y amigos, para los carmelitas, no fue una obra menor.<\/p>\n<p>Y es algo que les pido mucho porque tenemos que ser no s\u00f3lo part\u00edcipes, constructores, todos y cada uno de nosotros, de la mejor infraestructura para todo el municipio de Carmen y para todo el Estado. Y lo quiero precisar porque muchas veces, quienes no quieren el desarrollo de nuestro Estado, quienes no quieren que a Campeche y a Carmen le vaya muy bien, vierten informaci\u00f3n que no es correcta.<\/p>\n<p>Y yo siempre estoy muy atento al trabajo responsable, profesional, que hacen todos y cada uno de ustedes que est\u00e1n aqu\u00ed, para informar a la ciudadan\u00eda y para decirles cu\u00e1les son los avances que llevamos en esta obra y en todas las obras. Quiero compartirles que, todos ustedes los saben, y por eso, hay que reconocer que esta obra ha sido un gran esfuerzo de todos; principalmente, del pueblo carmelita que ha luchado todo el tiempo porque tuviera una obra de calidad y de primera.<\/p>\n<p>Todos ustedes lo saben, cuando su amigo Alejandro Moreno recibi\u00f3 el Gobierno del Estado, en el 2015, est\u00e1 era una obra que estaba cancelada, era una obra que ya no se iba a realizar, era una obra fundamental que por el tema econ\u00f3mico, la estrechez financiera y la ca\u00edda de los precios y de la producci\u00f3n de petr\u00f3leo, impactaba en las finanzas nacionales y locales para poder construir esta obra tan importante que no s\u00f3lo beneficia a nuestro hermano pueblo carmelita, que beneficia a todo el Estado, que beneficia a nuestro pa\u00eds y que le da conectividad.<\/p>\n<p>Y quiero decirles que fue en mi gobierno, en el gobierno de su amigo Alejandro Moreno, con el respaldo total, total, del Presidente de la Rep\u00fablica, Enrique Pe\u00f1a Nieto, esta obra se hizo realidad. Dos presidentes de la Rep\u00fablica anunciaron este Puente y no lo construyeron; y hoy, gracias al apoyo del presidente Enrique Pe\u00f1a Nieto y el apoyo del Gobierno del Estado, porque esta ser\u00e1 una obra, en su culminaci\u00f3n, que pr\u00e1cticamente costar\u00e1, entre extraordinarios costos al final de la obra, entre mil 500 y 2 mil millones de pesos.<\/p>\n<p>Y quiero decirles que el Gobierno del Estado apoyo, pr\u00e1cticamente, con mil millones de pesos para la construcci\u00f3n de este Puente de nuestros hermanos carmelitas. Y por eso les comparto a todos ustedes, a los amigos de los medios, cuando vemos notas que no ayudan, muchas veces al Carmen, tergiversar y mentir en la informaci\u00f3n que la obra no avanza, que la obra no se construye, que esto est\u00e1 parado\u2026 Puras mentiras. Hoy les quiero decir y les reconozco a todos ustedes, a los medios de comunicaci\u00f3n que est\u00e1n aqu\u00ed, objetivos, profesionales y que siempre le informan a la ciudadan\u00eda.<\/p>\n<p>Venimos del recorrido de los patios, donde se construyen las trabes de una obra monumental como esta, y muchas veces a aquellos incr\u00e9dulos que no les gusta que el Estado vaya bien, les queremos decir que se van a equivocar, que Campeche marcha y marcha bien.<br \/>Y que este Puente, esta gran obra, la vamos a inaugurar en septiembre, en 2018, para que a partir de este a\u00f1o, del pr\u00f3ximo a\u00f1o y de todos los a\u00f1os que est\u00e9n por venir, tengan una obra majestuosa como se merece el pueblo de Carmen y como lo merece el pueblo campechano.<\/p>\n<p>Y una obra tan importante que nosotros no s\u00f3lo estamos pensando en los pr\u00f3ximos 20, 30 o 50 a\u00f1os, nosotros estamos pensando en un Estado moderno, pr\u00f3spero, en desarrollo; y por eso, esta obra, con el proyectista se ha trabajado para que en su tiempo y en su momento, con el pasar de los a\u00f1os y de la demanda del flujo vehicular, se pueda tener una ampliaci\u00f3n a cuatro carriles. Y podamos tener la implementaci\u00f3n r\u00e1pida de la construcci\u00f3n de un camino lateral y posterior, al otro lado; y as\u00ed, tener una v\u00eda y una obra de comunicaci\u00f3n de primera.<\/p>\n<p>Por ello, a todos ustedes, a nuestros amigos de los medios, se los agradezco porque toda obra, toda obra de gran beneficio, requiere un gran sacrificio. Hay que informar, hay que estar puntualmente con los ciudadanos, para que sepan c\u00f3mo va la obra, que participen siempre en comunicar, en respetar la se\u00f1alizaci\u00f3n, en respetar la informaci\u00f3n que den las empresas que est\u00e1n construyendo el Puente.<br \/>Y as\u00ed como esta, tambi\u00e9n, obras que tenemos en Carmen y en el Estado, que todas est\u00e1n en construcci\u00f3n, que todas est\u00e1n en ejecuci\u00f3n y que todas ser\u00e1n de beneficio.<\/p>\n<p>Hace unos d\u00edas estuvimos en el recorrido de la nueva Unidad Deportiva de Carmen, que quedar\u00e1 de primera, de primera para el servicio y el disfrute de los carmelitas. Y as\u00ed de muchas obras, y en las pr\u00f3ximas semanas har\u00e9 anuncios de obras trascendentales, obras magnas para el municipio de Carmen, que le van a cambiar el rostro y que le van a dar modernidad a nuestro gran municipio.<\/p>\n<p>As\u00ed que, como en Campeche cumplimos, as\u00ed cumplimos en todos y cada uno de los municipios; por eso los convoco, principalmente a los ciudadanos y a todos ustedes, medios de comunicaci\u00f3n, no permitamos que nadie nos divida. Quien promueva la divisi\u00f3n entre los campechanos, quien critique y no proponga, quien est\u00e9 en contra de todo y a favor de nada, no quiere el desarrollo de nuestro pueblo.<\/p>\n<p>Hoy, Campeche tiene muchos primeros lugares\u2026 Estamos avanzando en el tema educativo, en el tema social, porque quiero decirles a todos ustedes, los campechanos, los carmelitas, los cheneros, todos, no estamos para alcanzar metas peque\u00f1as. Nosotros estamos para alcanzar las m\u00e1s grandes metas que nos pongamos por delante; hay que pensar en grande, hay que tener actitud, hay que tener voluntad. Y lo he dicho todos los d\u00edas, s\u00f3lo trabajando en equipo vamos a transformar este gran Estado y este gran municipio.<\/p>\n<p>Tuvimos una crisis severa en el 2015, hoy estamos avanzando y estamos construyendo un mejor Campeche, un Campeche de oportunidades. Siempre lo comparto, presuman a Carmen, presuman al Estado, presuman lo que tenemos; esto es de  nosotros, teng\u00e1moslo con orgullo, seamos optimistas. Muchas veces nos gusta hablar bien de los vecinos, de otros lados; hablemos bien de nosotros. Todo lo que tenemos en Campeche y todo lo que hemos construido, depende de todos y cada uno de los que estamos aqu\u00ed.<\/p>\n<p>Tres cosas importantes que siempre he dicho: actitud, seguridad y confianza; y eso es lo que quiero transmitirles a todos ustedes. \u00bfY saben cu\u00e1l es la actitud? Y lo dije el d\u00eda de ayer en una reuni\u00f3n. La actitud es ver a un anciano, a un adulto mayor, de 70 a\u00f1os, con una camisa puesta que diga: Tengo 16 a\u00f1os de edad y 54 de experiencia. Esa es actitud. Seguridad; nosotros no sabemos qu\u00e9 hacer o qu\u00e9 va a ocurrir al otro d\u00eda, no sabemos si vamos a amanecer con bien, no sabemos si vamos a tener vida, pero nosotros, antes de irnos a dormir, preparamos el despertador y programamos al otro d\u00eda lo que vamos a hacer sin saber qu\u00e9 nos depara el destino.<\/p>\n<p>Esa es seguridad, esa es la seguridad de una persona. Y confianza es cuando uno agarra un ni\u00f1o y lo avienta hacia arriba, ese ni\u00f1o se r\u00ede \u00bfy saben por qu\u00e9 se r\u00ede? Porque sabe que lo vamos a agarrar. Eso se llama confianza. Entonces, la actitud, la seguridad y la confianza, es lo que necesita el pueblo campechano y lo que necesitan nuestros hermanos carmelitas. No lo permitamos, quienes nos quieran venir a dividir, quienes pretendan criticar sin proponer, no quieren el desarrollo de nuestro pueblo. Alguien que quiere a su pueblo, alguien que quiere a su Estado, no puede querer que no avance y eso lo vemos todos los d\u00edas.<\/p>\n<p>Ustedes, junto con nosotros, somos los primeros que debemos de cuidar eso; procurar siempre estar atentos a los grandes desaf\u00edos pero tambi\u00e9n construimos muchas cosas para los ciudadanos. Por eso, los convoco a que trabajemos juntos y en unidad. A todos los medios de comunicaci\u00f3n que est\u00e1n aqu\u00ed, a nuestros amigos de las redes sociales, a todos, mi agradecimiento y mi reconocimiento siempre. No tengan duda que la cr\u00edtica es buena, la que construye, la que nos ayuda a ser mejores; y la autocr\u00edtica es mejor.<\/p>\n<p>A m\u00ed me gusta trabajar todos los d\u00edas como ustedes, trabajando cercanos a la gente; no hay hora, no hay descanso, no hay s\u00e1bado, no hay domingo, enfermo, no enfermo, como est\u00e9, a m\u00ed me gusta trabajar. \u00bfY saben por qu\u00e9? Porque yo nada m\u00e1s tengo una oportunidad de gobernar bien, y la m\u00eda es esta. Y no tengan duda que gobierno con todo mi compromiso, con toda mi decisi\u00f3n, para construir las mejores obras para Campeche.<br \/>Felicito, hoy, a todos, ingenieros, proyectistas, arquitectos, todos, porque todos somos un equipo; los alba\u00f1iles, los jornaleros, todos, todos vamos a construir este gran Puente. Y aunque todo mundo luego era incr\u00e9dulo, hoy les quiero decir que me siento muy orgulloso porque aqu\u00ed vamos a estar en los pr\u00f3ximos meses, y en el \u00faltimo trimestre del a\u00f1o, inaugurando el Puente de La Unidad con el Presidente de la Rep\u00fablica, Enrique Pe\u00f1a Nieto. As\u00ed que, muchas gracias a todos y a darle para terminar el Puente.<\/p>\n<\/p>\n<p><b>Entrevista al Gobernador del Estado, Alejandro Moreno C\u00e1rdenas<\/b><\/p>\n<\/p>\n<p><b>Pregunta.-<br \/>\n<\/b>(Inaudible)<\/p>\n<p><b>Gobernador<br \/>\nAlejandro Moreno C\u00e1rdenas.- <\/b>Siguen avanzando las obras, estoy muy contento; como les dije, hace unos<br \/>\nd\u00edas estuve recorriendo la Unidad Deportiva, va muy bien, llevamos un avance<br \/>\nimportante, se est\u00e1 haciendo de la mejor manera, de la mejor calidad, para que<br \/>\ntenga todos los espacios que se comprometieron al anuncio de la obra. Va a<br \/>\ntener equipamiento de primera, vamos a arreglar todo para que est\u00e9 de primera;<br \/>\nentonces, estoy muy contento, el tema del Puente de La Unidad que era un<br \/>\ncompromiso, que lo vamos a terminar en tiempo y en forma, y lo vamos a inaugurar<br \/>\ncon el Presidente de la Rep\u00fablicas.<\/p>\n<p>Las obras que tenemos en el Estado avanzan,<br \/>\ncontin\u00faan, hemos estado en gestiones; y lo he compartido siempre, tuvimos unas<br \/>\nobras, como siempre, que hubo denuncias ah\u00ed para buscar pretextos para parar<br \/>\nlas obras pero, bueno, ya saben que yo tengo una voluntad inquebrantable. Estamos<br \/>\ngestionando, las obras avanzan y las obras se van a realizar, simple y<br \/>\nllanamente porque son obras que benefician a los ciudadanos. Hoy tenemos que<br \/>\nresolver las principales demandas de los ciudadanos, tenemos que cumplirle a<br \/>\nnuestra gente y as\u00ed lo estamos haciendo.<\/p>\n<p>Compartir con ustedes que estoy muy contento, el<br \/>\nd\u00eda de ayer tuvimos un anuncio importante que comparto con ustedes, antier<br \/>\ntambi\u00e9n tuvimos una reuni\u00f3n importante; y primero, decirles que estuvo Rosario<br \/>\nRobles en Campeche y contra lo que muchos cre\u00edan, ya les dije que a m\u00ed me da<br \/>\nmucho gusto esos que dicen que no se puede, para darles una cachetada con<br \/>\nguante blanco y decirles que aqu\u00ed trabajamos todos los d\u00edas.<\/p>\n<p>Decirles que ya hemos inaugurado ese compromiso,<br \/>\nsiempre claro, y firmamos el convenio con la Sedatu, con la maestra Rosario<br \/>\nRobles; iniciaremos la construcci\u00f3n ya, con los recursos, 100 millones de<br \/>\npesos, para la construcci\u00f3n de la Ciudad de las Mujeres. Es un modelo que s\u00f3lo<br \/>\nexiste, estamos trabajando en ocho Estados de nuestro pa\u00eds, existir\u00e1 aqu\u00ed en<br \/>\nCampeche, tendremos un lugar para capacitarlas, prepararlas; trabajo en<br \/>\nderechos humanos, en violencia contra las mujeres, apoyo en  proyectos productivos, cuidado de sus hijos,<br \/>\ncon instalaciones de primera. Muy contento porque las mujeres siempre han sido<br \/>\nun compromiso de nuestro gobierno.<\/p>\n<p>Y el d\u00eda de ayer estuve con la visita del<br \/>\nsecretario de Desarrollo Social, mi amigo, el licenciado Eviel P\u00e9rez Maga\u00f1a;<br \/>\ntrabajamos fuerte, se van a incorporar, este a\u00f1o, al programa de apoyo a<br \/>\nadultos mayores, 10 mil adultos mayores m\u00e1s en todo el Estado, que van a<br \/>\nrecibir su apoyo antes del mes de marzo. Y que estaremos para incorporarlos a<br \/>\nesos 10 mil; incorporaremos a otras 10 mil familias de todo el Estado en el<br \/>\nprograma Prospera y eso nos va a permitir seguir avanzando. Vamos a incluir a<br \/>\nm\u00e1s de 10 mil becarios, que vamos a trabajar fuerte con los j\u00f3venes y con las<br \/>\nmujeres; entonces, tenemos un trabajo permanente.<\/p>\n<p>Y hay una inversi\u00f3n hist\u00f3rica, como nunca, para<br \/>\neste a\u00f1o, en el Estado de Campeche con el respaldo del presidente Enrique Pe\u00f1a<br \/>\nNieto; pr\u00e1cticamente en este a\u00f1o, 2018, estaremos ejerciendo m\u00e1s de 2 mil<br \/>\nmillones de pesos, m\u00e1s de 2 mil millones de pesos en el tema social. Entonces,<br \/>\nCampeche es un Estado que va caminando, que va avanzando; que estamos<br \/>\ncomprometidos y, bueno, todas las obras de beneficio, de servicio para nuestra<br \/>\ngente, estar\u00e1n en tiempo y forma para el disfrute de las familias del Estado.<\/p>\n<p><b>Pregunta.-<br \/>\n<\/b>El otro d\u00eda nos coment\u00f3 que iba a tener reuniones<br \/>\ncon Pemex para la visita del Secretario de esta instituci\u00f3n, \u00bfse podr\u00eda tener<br \/>\nesta visita para el 18 de marzo? \u00bfPodr\u00eda ser Carmen la sede de estas<br \/>\nfestividades petroleras?<\/p>\n<p><b>Gobernador<br \/>\nAlejandro Moreno C\u00e1rdenas.- <\/b>S\u00ed, ya saben, es que el a\u00f1o pasado tuvimos la celebraci\u00f3n del 18 de<br \/>\nmarzo, se hizo aqu\u00ed, siempre querr\u00e9 que se hagan aqu\u00ed pero tambi\u00e9n hay otros<br \/>\nEstados que quieren que el Presidente los visite; pues, estaremos trabajando<br \/>\npara que se hagan las gestiones pertinentes. He estado en comunicaci\u00f3n con el<br \/>\ndirector, con Carlos Trevi\u00f1o, permanentemente, trabajando en mejores proyectos<br \/>\nproductivos para el Estado, para nuestros hermanos pescadores. He tenido cuatro<br \/>\nreuniones con \u00e9l, estamos preparando las giras que tenemos en el Estado y<br \/>\nestamos construyendo la mejor capacidad para que en las rondas que se han<br \/>\ntenido en el sector energ\u00e9tico, bueno, las empresas se establezcan aqu\u00ed en<br \/>\nCarmen.<\/p>\n<p>Hemos tenido una buena demanda de participaci\u00f3n de<br \/>\nmuchas empresas; estamos para invertirle, este a\u00f1o, importantes recursos al<br \/>\nPuerto de Carmen y como ustedes saben, en el mes de marzo, despu\u00e9s de que<br \/>\ntambi\u00e9n otros siempre creen que no se puede, hemos logrado que se consolide<br \/>\nCampeche y el Presidente va a anunciar la creaci\u00f3n de la Zona Econ\u00f3mica Especial.<br \/>\nY la Zona Econ\u00f3mica Especial m\u00e1s grande de las zonas que hay en el pa\u00eds, ser\u00e1<br \/>\nla de Campeche, ser\u00e1 la que estar\u00e1 en el pol\u00edgono de Seybaplaya y en el<br \/>\npol\u00edgono de Carmen. As\u00ed que no s\u00f3lo tendremos una, tendremos dos Zonas<br \/>\nEcon\u00f3micas Especiales.<\/p>\n<p><b>Pregunta.-<br \/>\n<\/b>El Presidente anunci\u00f3 un reforzamiento al programa<br \/>\nde reactivaci\u00f3n econ\u00f3mica en su \u00faltima visita al Gobierno del Estado de Tabasco<br \/>\ny se\u00f1al\u00f3 que Campeche tambi\u00e9n va a tener una (inaudible).<\/p>\n<p><b>Gobernador<br \/>\nAlejandro Moreno C\u00e1rdenas.- <\/b>S\u00ed, estamos trabajando fuerte, ustedes lo han visto. Como lo he dicho<br \/>\nsiempre, no es que no existan delitos en Campeche pero hemos avanzado. No lo<br \/>\ndigo yo, lo dice el Sistema Nacional de Seguridad, el Estado con la menor<br \/>\nincidencia delictiva del pa\u00eds es Campeche. Campeche, no lo digo yo, lo dice el<br \/>\nConeval, sacamos en un proyecto importante, integral, a m\u00e1s de 30 mil<br \/>\ncampechanos de la pobreza extrema. Entonces, estamos avanzando; est\u00e1bamos en el<br \/>\nlugar 27, hoy estamos en el lugar 4.<\/p>\n<p>Entonces, se trabaja, se trabaja todos los d\u00edas\u2026 En<br \/>\nel tema educativo, ustedes lo han visto, pusimos en marcha la primera etapa de<br \/>\n100 autobuses de transporte escolar gratuito, que se hizo aqu\u00ed en el Estado de<br \/>\nCampeche y que hoy es un modelo a nivel nacional. Entonces, yo, como le he<br \/>\ndicho, me siento muy orgulloso de ser campechano. Trabajamos todos los d\u00edas y<br \/>\nse los reitero, no permitan que nadie venga a dividir a nuestros hermanos<br \/>\ncarmelitas, no permitamos que vengan a dividir a los campechanos. Aquellos que<br \/>\nquieren dividir, aquellos que quieren hacerlos pelear, no quieren el desarrollo<br \/>\nde nuestro Estado. Entonces, hoy necesitamos cuidar\u2026 Porque aqu\u00ed viven nuestras<br \/>\nfamilias, aqu\u00ed estamos en el d\u00eda a d\u00eda.<\/p>\n<p>Todos ustedes que son parte de este sector<br \/>\nimportante que son los medios de comunicaci\u00f3n, que informan con profesionalismo<br \/>\ny con responsabilidad, cu\u00eddenlo, cu\u00eddenlo porque es su municipio, es su Estado,<br \/>\nes de todos. Entonces, trabajemos juntos y como les dije, a Campeche le va a ir<br \/>\nmuy bien, vamos a seguir trabajando fuerte y no vamos a descansar ni  un solo d\u00eda para que a Campeche le vaya bien.<\/p>\n<p><b>Pregunta.-<br \/>\n<\/b>Hablo de inversiones que va a dar a conocer en<br \/>\npr\u00f3ximas fechas, \u00bfpara qu\u00e9 rubros son? \u00bfPara el<br \/>\npetrolero o van a tener alg\u00fan otro?<\/p>\n<p><b>Gobernador<br \/>\nAlejandro Moreno C\u00e1rdenas.- <\/b>Van a ser rubros de infraestructura, mayor infraestructura para Carmen,<br \/>\nque le va a dar mayor movilidad, mayor conectividad, mayor seguridad. Nosotros<br \/>\nestamos impulsando el desarrollo y la fortaleza en el tema energ\u00e9tico,<br \/>\nfortaleciendo el tema tur\u00edstico que es muy importante y estamos en gestiones<br \/>\nfundamentales. Gestiones como, por ejemplo, no lo quiero anunciar, a m\u00ed me<br \/>\ngusta anunciar cuando lo tenemos ya concretado y cerrado; pero estamos cerquita<br \/>\nya de que a Palizada, Candelaria sea un pol\u00edgono de desarrollo\u2026 Candelaria,<br \/>\nCalakmul, Palizada, Palizada que es Pueblo M\u00e1gico.<\/p>\n<p>Y entonces, aqu\u00ed, en Carmen, vamos a lograr que sea<br \/>\nIsla Aguada Pueblo M\u00e1gico y eso nos va a permitir insertarlo tambi\u00e9n en el<br \/>\ndesarrollo tur\u00edstico. Y que Carmen es precioso, yo siempre les he dicho,<br \/>\npresum\u00e1moslo, hablemos bien porque el pueblo carmelita es un pueblo de lucha y<br \/>\nno tengan ni la menor duda que en los pr\u00f3ximos meses que est\u00e1n por venir, le va<br \/>\na ir muy bien a las familias\u2026<\/p>\n<p><b>Pregunta.-<br \/>\n<\/b>\u00bfNos reitera la fecha de inauguraci\u00f3n del Puente?<\/p>\n<p><b>Gobernador<br \/>\nAlejandro Moreno C\u00e1rdenas.- <\/b>La fecha que tiene la inauguraci\u00f3n del Puente es septiembre, pero,<br \/>\nbueno, ya saben c\u00f3mo es lo de las obras pero no tengan duda que en septiembre,<br \/>\noctubre, vamos a estar inaugurando el Puente. Un Puente de primera al servicio<br \/>\nde los carmelitas. Y el tema de la Zona Econ\u00f3mica Especial ser\u00e1 en el mes de<br \/>\nmarzo con el presidente Pe\u00f1a; entonces, tendremos aqu\u00ed al Presidente, hay que<br \/>\ntrabajar y como les dije, porque eso s\u00ed hay que comentarlo: dos presidentes les<br \/>\nvinieron a prometer el Puente a los carmelitas, ninguno cumpli\u00f3. El Presidente<br \/>\nPe\u00f1a cumpli\u00f3 y su amigo el gobernador cumpli\u00f3, y aparte de que cumpl\u00ed, le met\u00ed<br \/>\nmil millones de pesos. As\u00ed que, yo s\u00ed quiero, ha quedado claro que yo s\u00ed quiero<br \/>\na Carmen. Gracias.<\/p><\/p>\n","protected":false},"excerpt":{"rendered":"<p>Gobernador AMC realiza recorrido de supervisi\u00f3n de la obra.<\/p>\n","protected":false},"author":1018,"featured_media":0,"comment_status":"open","ping_status":"open","sticky":false,"template":"","format":"standard","meta":{"tdm_status":"","tdm_grid_status":"","footnotes":""},"categories":[27],"tags":[],"_links":{"self":[{"href":"https:\/\/dralvarez.com.mx\/larevista\/wp-json\/wp\/v2\/posts\/62009"}],"collection":[{"href":"https:\/\/dralvarez.com.mx\/larevista\/wp-json\/wp\/v2\/posts"}],"about":[{"href":"https:\/\/dralvarez.com.mx\/larevista\/wp-json\/wp\/v2\/types\/post"}],"author":[{"embeddable":true,"href":"https:\/\/dralvarez.com.mx\/larevista\/wp-json\/wp\/v2\/users\/1018"}],"replies":[{"embeddable":true,"href":"https:\/\/dralvarez.com.mx\/larevista\/wp-json\/wp\/v2\/comments?post=62009"}],"version-history":[{"count":0,"href":"https:\/\/dralvarez.com.mx\/larevista\/wp-json\/wp\/v2\/posts\/62009\/revisions"}],"wp:attachment":[{"href":"https:\/\/dralvarez.com.mx\/larevista\/wp-json\/wp\/v2\/media?parent=62009"}],"wp:term":[{"taxonomy":"category","embeddable":true,"href":"https:\/\/dralvarez.com.mx\/larevista\/wp-json\/wp\/v2\/categories?post=62009"},{"taxonomy":"post_tag","embeddable":true,"href":"https:\/\/dralvarez.com.mx\/larevista\/wp-json\/wp\/v2\/tags?post=62009"}],"curies":[{"name":"wp","href":"https:\/\/api.w.org\/{rel}","templated":true}]}}