{"id":61992,"date":"2018-01-26T00:00:00","date_gmt":"2018-01-26T06:00:00","guid":{"rendered":"https:\/\/dralvarez.com.mx\/larevista\/blog\/gobierno-de-campeche-21701"},"modified":"2018-01-26T00:00:00","modified_gmt":"2018-01-26T06:00:00","slug":"gobierno-de-campeche-21701","status":"publish","type":"post","link":"https:\/\/dralvarez.com.mx\/larevista\/compeche\/gobierno-de-campeche-21701","title":{"rendered":"GOBIERNO DE CAMPECHE"},"content":{"rendered":"<p>El titular del Ejecutivo, Alejandro Moreno C\u00e1rdenas y<br \/> Rosario Robles Berlanga, titular de la SEDATU firman <br \/>el convenio correspondiente para su construcci\u00f3n.<\/p>\n<p>En cumplimiento al compromiso del presidente Enrique Pe\u00f1a Nieto, de construir la \u201cCiudad de las Mujeres\u201d en la entidad, el gobernador Alejandro Moreno C\u00e1rdenas y la titular de la Secretar\u00eda de Desarrollo Agrario, Territorial y Urbano (Sedatu), Rosario Robles Berlanga, firmaron el convenio para iniciar la inmediata construcci\u00f3n de este espacio de empoderamiento de las mujeres, mediante la inversi\u00f3n de m\u00e1s de 100 millones de pesos.<br \/>Las instalaciones estar\u00e1n ubicadas en un terreno de 60 mil metros cuadrados en la unidad habitacional \u201cSiglo XXIII\u201d, frente a la Facultad de Ingenier\u00eda de la UAC, y ah\u00ed se brindar\u00e1n servicios m\u00e9dicos, educativos, asesor\u00eda jur\u00eddica; capacitaci\u00f3n para emprender proyectos productivos, talleres relacionados con una vida libre de violencia, as\u00ed como actividades acad\u00e9micas, deportivas y psicol\u00f3gicas para los hijos, entre otros.<br \/>El mandatario estatal, tras suscribir el acuerdo, el cual atestigu\u00f3 su esposa, Christelle Casta\u00f1\u00f3n de Moreno, ratific\u00f3 su compromiso de seguir garantizando una mejor calidad de vida a las mujeres campechanas mediante proyectos y programas con pol\u00edticas p\u00fablicas transversales.<br \/>Signific\u00f3 que la Ciudad de las Mujeres de Campeche ser\u00e1 el noveno proyecto que el gobierno del presidente Enrique Pe\u00f1a Nieto haya construido en el pa\u00eds, y ha sido posible concretarlo en la entidad despu\u00e9s de meses de gesti\u00f3n y de trabajo en equipo.<br \/>\u201cEste es un evento de compromiso y de respaldo a las mujeres para resolver los temas m\u00e1s importantes que le garanticen una mejor calidad de vida, y que deja claro que s\u00f3lo trabajando en equipo, con orden, con un proyecto claro, determinaci\u00f3n y voluntad se pueden alcanzar las metas que se tienen por delante\u201d, subray\u00f3.<br \/>Finalmente, pidi\u00f3 a las mujeres pensar siempre en lo mejor para sus familias: \u201cLas convoco a seguir actuando con responsabilidad, a que tengamos claro que primero est\u00e1 Campeche y M\u00e9xico, y que nuestra responsabilidad es atenderlas y procurarles m\u00e1s seguridad y bienestar\u201d.<br \/>Por su parte, la titular de la Sedatu, resalt\u00f3 que el presidente Enrique Pe\u00f1a Nieto no s\u00f3lo est\u00e1 comprometido con el bienestar de las mujeres, sino que ha gobernado con perspectiva de g\u00e9nero para otorgarles igualdad de oportunidades en los sectores pol\u00edtico, econ\u00f3mico y social.<br \/>Explic\u00f3 que como resultado del compromiso que tiene el presidente Pe\u00f1a Nieto con las mujeres, el primer proyecto de la Ciudad de las Mujeres se puso en marcha en Tlapa, Guerrero, en julio de 2015, en la zona m\u00e1s pobre del pa\u00eds, y donde a la fecha se ha atendido a m\u00e1s de 305 mil ind\u00edgenas que en su lengua nativa reciben todos los servicios. <br \/>Remarc\u00f3 que 2018 ser\u00e1 un a\u00f1o crucial para M\u00e9xico, por lo que es importante reconocer que Pe\u00f1a Nieto fue el presidente que mand\u00f3 la iniciativa de paridad al Congreso de la Uni\u00f3n que hoy es una realidad, y que da a las mujeres el derecho de ser electas en la misma proporci\u00f3n que los hombres, por lo que en el proceso electoral de este a\u00f1o la mitad ser\u00e1n candidatas.<br \/>\u201cSomos la mitad de la poblaci\u00f3n que le aporta su talento y capacidad al pa\u00eds, pero qui\u00e9n puede aportar m\u00e1s si est\u00e1 encadenada a la violencia, a la pobreza, a la discriminaci\u00f3n; es imposible desarrollar todo el potencial si no se rompen estas cadenas\u201d, cit\u00f3 al precisar que ante ello el gobierno federal ha puesto en marcha pol\u00edticas p\u00fablicas que favorecen el desarrollo de las mujeres, como es el caso del programa Oportunidades que se transform\u00f3 en Prospera para que ellas construyan sus propias historias de \u00e9xito.<br \/>Coment\u00f3 que luego de que los gobiernos anteriores, durante 12 a\u00f1os continuos, se olvidaron de pol\u00edticas de planificaci\u00f3n familiar y de embarazos adolescentes, lo que ocasion\u00f3 el crecimiento de ese fen\u00f3meno social, el presidente Pe\u00f1a, con una visi\u00f3n progresista, puso en marcha toda una estrategia de prevenci\u00f3n del embarazo adolescente conjuntando 90 programas para que las ni\u00f1as puedan vivir plenamente.<br \/>A\u00f1adi\u00f3 que tambi\u00e9n se implement\u00f3 una pol\u00edtica de lucha contra la violencia hacia las mujeres, con el proyecto \u201cCiudades seguras para las mujeres\u201d, con un enfoque de intervenci\u00f3n urbana, en lugares de mayor violencia en el pa\u00eds.<br \/>Dijo que con la nueva pol\u00edtica de vivienda que no s\u00f3lo mejor\u00f3 la calidad de la misma, sino que la acerc\u00f3 a las fuentes de trabajo, del 12 por ciento de mujeres que recib\u00eda una vivienda, la cifra pas\u00f3 al 39 por ciento.<br \/>Sobre el mismo tema, signific\u00f3 que durante los dos sexenios anteriores se construy\u00f3 m\u00e1s de un mill\u00f3n de viviendas con una sola habitaci\u00f3n, pero ahora en este gobierno federal hay una pol\u00edtica que implica que la casa m\u00e1s modesta por lo menos debe tener dos habitaciones, y en las zonas m\u00e1s pobres puso en marcha una pol\u00edtica de ampliaci\u00f3n de vivienda, denominada Cuarto Rosa, mediante el cual se ha construido medio mill\u00f3n de habitaciones, para erradicar el hacinamiento, pues no s\u00f3lo habla de una mala calidad de vida, sino es un factor de violencia a las mujeres.<br \/>Antes, el secretario de Planeaci\u00f3n, Ram\u00f3n Arredondo Anguiano explic\u00f3 que el proyecto \u201cCiudad de las Mujeres\u201d tendr\u00e1 una inversi\u00f3n de m\u00e1s de 100 millones de pesos y se sumar\u00e1 a las grandes obras que se realizan para renovar el rostro del estado y consolidar la igualdad entre hombres y mujeres, as\u00ed como para impulsar la Agenda 2030.<br \/>Luego, la directora del Instituto Estatal de la Mujer, Dulce Mar\u00eda Cervera Cetina, coment\u00f3 que la firma del convenio abre las puertas a las mujeres para recibir servicios en materia de igualdad de g\u00e9nero, como educaci\u00f3n, salud, vivienda y una vida libre de violencia. <br \/>\u201cEsta firma es hist\u00f3rica porque ratifica que con perspectiva de g\u00e9nero, las mujeres recibir\u00e1n en un solo sitio, todos los servicios a los que tienen derecho\u201d, enfatiz\u00f3 la funcionaria.<br \/>A la ceremonia asistieron el alcalde Edgar Hern\u00e1ndez Hern\u00e1ndez, y el delegado federal de la Sedatu, Jos\u00e9 Domingo Gonz\u00e1lez Mar\u00edn, entre otros funcionarios.<\/p>\n","protected":false},"excerpt":{"rendered":"<p>La \u201cCiudad de las Mujeres\u201d ser\u00e1 una realidad en Campeche: Gobernador<\/p>\n","protected":false},"author":1018,"featured_media":0,"comment_status":"open","ping_status":"open","sticky":false,"template":"","format":"standard","meta":{"tdm_status":"","tdm_grid_status":"","footnotes":""},"categories":[27],"tags":[],"_links":{"self":[{"href":"https:\/\/dralvarez.com.mx\/larevista\/wp-json\/wp\/v2\/posts\/61992"}],"collection":[{"href":"https:\/\/dralvarez.com.mx\/larevista\/wp-json\/wp\/v2\/posts"}],"about":[{"href":"https:\/\/dralvarez.com.mx\/larevista\/wp-json\/wp\/v2\/types\/post"}],"author":[{"embeddable":true,"href":"https:\/\/dralvarez.com.mx\/larevista\/wp-json\/wp\/v2\/users\/1018"}],"replies":[{"embeddable":true,"href":"https:\/\/dralvarez.com.mx\/larevista\/wp-json\/wp\/v2\/comments?post=61992"}],"version-history":[{"count":0,"href":"https:\/\/dralvarez.com.mx\/larevista\/wp-json\/wp\/v2\/posts\/61992\/revisions"}],"wp:attachment":[{"href":"https:\/\/dralvarez.com.mx\/larevista\/wp-json\/wp\/v2\/media?parent=61992"}],"wp:term":[{"taxonomy":"category","embeddable":true,"href":"https:\/\/dralvarez.com.mx\/larevista\/wp-json\/wp\/v2\/categories?post=61992"},{"taxonomy":"post_tag","embeddable":true,"href":"https:\/\/dralvarez.com.mx\/larevista\/wp-json\/wp\/v2\/tags?post=61992"}],"curies":[{"name":"wp","href":"https:\/\/api.w.org\/{rel}","templated":true}]}}