{"id":61977,"date":"2018-01-25T00:00:00","date_gmt":"2018-01-25T06:00:00","guid":{"rendered":"https:\/\/dralvarez.com.mx\/larevista\/blog\/en-febrero-foro-estatal-de-extensionismo-rural-sdr-21683"},"modified":"2018-01-25T00:00:00","modified_gmt":"2018-01-25T06:00:00","slug":"en-febrero-foro-estatal-de-extensionismo-rural-sdr-21683","status":"publish","type":"post","link":"https:\/\/dralvarez.com.mx\/larevista\/compeche\/en-febrero-foro-estatal-de-extensionismo-rural-sdr-21683","title":{"rendered":"En febrero,  foro estatal de extensionismo rural: SDR"},"content":{"rendered":"<p>Con el objetivo de mejorar las estrategias de capacitaci\u00f3n y los conocimientos para innovar la comercializaci\u00f3n y cadenas de valor, que se llevan a cabo en beneficio de los productores agropecuarios, la Secretar\u00eda de Desarrollo Rural del Gobierno del Estado (SDR) y extensionistas realizar\u00e1n el Primer Foro Estatal de Extensionismo Rural, el 16 de febrero pr\u00f3ximo a partir de las 08:00 horas en el local social del Sindicato Nacional del Seguro Social.<\/p>\n<p>El titular de la SDR, Armando Toledo Jamit, destac\u00f3 la iniciativa de los prestadores de servicios de extensi\u00f3n y capacitaci\u00f3n, para compartir experiencias y conocimientos adquiridos en campo y que los productores campechanos reciban una mejor y oportuna atenci\u00f3n.<\/p>\n<p>Resalt\u00f3 que el a\u00f1o pasado el grupo de extensionistas de la SDR redobl\u00f3 esfuerzos para llevar m\u00e1s acciones a los productores, por ejemplo, con las Jornadas de Intercambio Tecnol\u00f3gico, mediante las cuales se atendi\u00f3 a m\u00e1s de 5 mil productores campechanos de los 11 municipios de la entidad.<\/p>\n<p>Con el lema \u201cEl Extensionismo Rural, Motor de la Transformaci\u00f3n del Agro Campechano\u201d, el Foro tiene como objetivo prioritario intercambiar experiencias, reflexionar y analizar el ejercicio del extensionismo, para una mayor profesionalizaci\u00f3n del servicio, que permita construir su enfoque territorial, en respuesta a las necesidades del sector rural en la entidad, subray\u00f3.<\/p>\n<p>Enfatiz\u00f3 que el Foro es un esfuerzo conjunto de la SDR y los extensionistas, y se espera la participaci\u00f3n de m\u00e1s de 100 t\u00e9cnicos y profesionistas del sector rural, quienes han se\u00f1alado su inter\u00e9s en participar.<\/p>\n<p>El evento incluir\u00e1 dos conferencias magistrales sobre extensionismo rural, una conferencia motivacional, intercambio de experiencias exitosas (t\u00e9cnicos y productores), mesas de reflexi\u00f3n y an\u00e1lisis de cadenas productivas, programas de trabajo y proyecciones 2018, plenaria de conclusiones y stands de proveedores e instituciones participantes. <\/p>\n<p>Adem\u00e1s, se prev\u00e9 la participaci\u00f3n de Mar\u00eda Sof\u00eda Valencia Abundis, directora de Desarrollo de Capacidades y Extensionismo Rural de la SAGARPA, y de Jos\u00e9 Verdugo, investigador del Instituto Nacional de Investigaciones Forestales, Agr\u00edcolas y Pecuarias (INIFAP).<\/p>\n","protected":false},"excerpt":{"rendered":"<p>Con el objetivo de mejorar las estrategias de capacitaci\u00f3n y los conocimientos para innovar la comercializaci\u00f3n y cadenas de valor.<\/p>\n","protected":false},"author":1018,"featured_media":0,"comment_status":"open","ping_status":"open","sticky":false,"template":"","format":"standard","meta":{"tdm_status":"","tdm_grid_status":"","footnotes":""},"categories":[27],"tags":[],"_links":{"self":[{"href":"https:\/\/dralvarez.com.mx\/larevista\/wp-json\/wp\/v2\/posts\/61977"}],"collection":[{"href":"https:\/\/dralvarez.com.mx\/larevista\/wp-json\/wp\/v2\/posts"}],"about":[{"href":"https:\/\/dralvarez.com.mx\/larevista\/wp-json\/wp\/v2\/types\/post"}],"author":[{"embeddable":true,"href":"https:\/\/dralvarez.com.mx\/larevista\/wp-json\/wp\/v2\/users\/1018"}],"replies":[{"embeddable":true,"href":"https:\/\/dralvarez.com.mx\/larevista\/wp-json\/wp\/v2\/comments?post=61977"}],"version-history":[{"count":0,"href":"https:\/\/dralvarez.com.mx\/larevista\/wp-json\/wp\/v2\/posts\/61977\/revisions"}],"wp:attachment":[{"href":"https:\/\/dralvarez.com.mx\/larevista\/wp-json\/wp\/v2\/media?parent=61977"}],"wp:term":[{"taxonomy":"category","embeddable":true,"href":"https:\/\/dralvarez.com.mx\/larevista\/wp-json\/wp\/v2\/categories?post=61977"},{"taxonomy":"post_tag","embeddable":true,"href":"https:\/\/dralvarez.com.mx\/larevista\/wp-json\/wp\/v2\/tags?post=61977"}],"curies":[{"name":"wp","href":"https:\/\/api.w.org\/{rel}","templated":true}]}}