{"id":61966,"date":"2018-01-25T00:00:00","date_gmt":"2018-01-25T06:00:00","guid":{"rendered":"https:\/\/dralvarez.com.mx\/larevista\/blog\/campeche-es-ejemplo-nacional-en-el-combate-a-la-pobreza-reconoce-secretario-de-desarrollo-social-federal-21672"},"modified":"2018-01-25T00:00:00","modified_gmt":"2018-01-25T06:00:00","slug":"campeche-es-ejemplo-nacional-en-el-combate-a-la-pobreza-reconoce-secretario-de-desarrollo-social-federal-21672","status":"publish","type":"post","link":"https:\/\/dralvarez.com.mx\/larevista\/compeche\/campeche-es-ejemplo-nacional-en-el-combate-a-la-pobreza-reconoce-secretario-de-desarrollo-social-federal-21672","title":{"rendered":"Campeche es ejemplo nacional en el combate a la pobreza, reconoce Secretario de Desarrollo Social Federal"},"content":{"rendered":"<p>En reconocimiento a los resultados que Campeche ha dado a nivel nacional en materia de combate a la pobreza, el secretario de Desarrollo Social federal, Eviel P\u00e9rez Maga\u00f1a, anunci\u00f3 que por instrucciones del presidente Enrique Pe\u00f1a Nieto, el Fondo de Aportaciones para la Infraestructura Social (FAIS) ejercer\u00e1 este a\u00f1o en Campeche un presupuesto de 787 millones de pesos, 11.5 por ciento m\u00e1s que 2017; el n\u00famero de becarios Prospera pasar\u00e1 de 62 mil a 80 mil estudiantes; se pondr\u00e1n en servicio 36 nuevos comedores comunitarios para hacer un total de 59; se afiliar\u00e1n 10 mil adultos mayores m\u00e1s al programa \u201c65 y m\u00e1s\u201d, y 10 mil nuevas familias se incorporar\u00e1n a Prospera.<\/p>\n<p>\u201cCampeche constituye uno de los esfuerzos en materia de disminuci\u00f3n de carencias mas importantes que haya tenido cualquier entidad del pa\u00eds\u201d, reconoci\u00f3  el titular de la dependencia federal durante la inauguraci\u00f3n del curso de capacitaci\u00f3n del FAIS a presidentes municipales, el primero que se realiza este 2018 en el pa\u00eds. <\/p>\n<p>Al hacer uso de la palabra, el mandatario estatal signific\u00f3 que los servidores p\u00fablicos \u201cestamos llamados a rendir cuentas a la sociedad y dejar en claro que ning\u00fan programa tienen nombre, color o apellido, sino son para  la gente y estamos comprometidos en llevarlos hasta el \u00faltimo rinc\u00f3n y a quien m\u00e1s lo necesita\u201d.<\/p>\n<p>Dijo que s\u00f3lo trabajando en equipo, sumando esfuerzos y voluntades se pueden dar mejores resultados a los campechanos, ya que la sociedad no quiere pretextos ni falsas promesas. \u201cHoy la sociedad demanda que se le den soluciones a los grandes desaf\u00edos y retos que se tienen\u201d, remarc\u00f3.<\/p>\n<p>Agreg\u00f3 que para tener resultados claros y tangibles, es necesario que el trabajo sea auditado, medido y evaluado, por lo que consider\u00f3 importante que se imparta el curso de capacitaci\u00f3n del FAIS, ya que es una herramienta que permite generar  un mejor horizonte de vida a las familias, cumpliendo a cabalidad con las reglas de operaci\u00f3n que marca la norma.<\/p>\n<p>Enfatiz\u00f3 que los funcionarios publicos y los representantes populares, por mandato de la gente, no pueden fallarle a la confianza de los ciudadanos y que su deber es aplicar los recursos p\u00fablicos con transparencia y honestidad, as\u00ed como aprovecharlos al m\u00e1ximo. <\/p>\n<p>Por su parte, el titular de la Sedesol se\u00f1al\u00f3 que a cinco a\u00f1os del gobierno federal, los indicadores del Coneval hablan de que es una administraci\u00f3n que no ha trabajado en la improvisaci\u00f3n, sino que, con un proyecto claro de inclusi\u00f3n, ha permitido revertir indicadores sociales que estaban lastimando a M\u00e9xico.<\/p>\n<p>Precis\u00f3 que Campeche en tan s\u00f3lo muy poco tiempo, pas\u00f3 del lugar 27 al cuarto sitio en el combate a la pobreza, por lo que se consolida como una entidad modelo a nivel nacional, que tiene direcci\u00f3n, proyecto y metas claras.<\/p>\n<p>Asever\u00f3 que por los resultados obtenidos durante la actual administraci\u00f3n estatal, este a\u00f1o se incrementar\u00e1 de 62 mil a 80 mil el n\u00famero de estudiantes becarios Prospera; se abrir\u00e1n 36 comedores m\u00e1s; 10 mil adultos mayores se incorporar\u00e1n al programa \u201c65 y m\u00e1s\u201d, y una cantidad similar de familias se afiliar\u00e1 al programa Prospera.<\/p>\n<p>\u201cEl Presidente de la Republica ha dado la instrucci\u00f3n de respaldar a Campeche porque tienen un gobernador con visi\u00f3n clara para cambiar las historias mediante el trabajo en equipo, y porque Campeche va en la v\u00eda de poder demostrar que con habilidad puede ser un ejemplo nacional\u201d, puntualiz\u00f3.<\/p>\n<p>Por su parte, el subsecretario de Planeaci\u00f3n, Evaluaci\u00f3n y Desarrollo Regional de la Sedesol, Francisco Javier Garc\u00eda Bejos, subray\u00f3 que Campeche es ejemplo de los resultados que se pueden obtener sumando esfuerzos y haciendo buen uso de los recursos p\u00fablicos, como demanda la gente. <\/p>\n<p>Coment\u00f3 que durante 2017, el estado recibi\u00f3 del FAIS, 710 millones de pesos y de ellos, el 53 por ciento se destin\u00f3 para mejorar la calidad de espacios a la vivienda; 33 por ciento para los servicios b\u00e1sicos de la vivienda y 11 por ciento para el acceso a la alimentaci\u00f3n, principalmente.<\/p>\n<p>Signific\u00f3 que por instrucci\u00f3n del Presidente de M\u00e9xico, en respuesta a los buenos resultados que ha dado Campeche en el combate a la pobreza, este a\u00f1o el presupuesto del FAIS  ser\u00e1 de 787 millones de pesos, 11.5 por ciento m\u00e1s que en 2017.<\/p>\n<p>Precis\u00f3 que conforme a los indicadores del Coneval y del Inegi, entre 2014 y 2016, en el estado 38 mil personas superaron la pobreza extrema; m\u00e1s de 78 mil la carencia de servicios b\u00e1sicos en la vivienda; 19 mil la carencia de la calidad de espacios; 12 mil dejaron atr\u00e1s la carencia de acceso a los servicios de salud, y 46 mil dejaron de tener tres o m\u00e1s carencias sociales.<\/p>\n<p>\u201cEsto constituye uno de los esfuerzos mas importantes que haya tenido cualquier estado del pa\u00eds, y eso merece un reconocimiento muy importante para el gobierno\u201d, remarc\u00f3.<\/p>\n<p>En el evento, que se llev\u00f3 a cabo en el Centro de Convenciones y Exposiciones \u201cCampeche XXI\u201d, estuvieron presentes el delegado de la Sedesol, Christian Castro Bello; el secretario de Desarrollo Social y Humano, Jorge Chanona Echeverr\u00eda; el jefe de la Unidad de Comunicaci\u00f3n Social, Walter Olivera Valladares, y los alcaldes de Campeche, Edgar Hern\u00e1ndez Hern\u00e1ndez; de Hopelch\u00e9n, Jos\u00e9 Ignacio Espa\u00f1a Novelo; Calakmul, Juan Gonz\u00e1lez Chan; Hecelchak\u00e1n, Modesto Pech Huitz, y Tenabo, Jos\u00e9 Francisco L\u00f3pe Ku, entre otras autoridades estatales, federales y municipales.<\/p>\n","protected":false},"excerpt":{"rendered":"<p>En respaldo al estado, anuncia incremento en presupuesto del FAIS y de beneficiarios de programas sociales.<\/p>\n","protected":false},"author":1018,"featured_media":0,"comment_status":"open","ping_status":"open","sticky":false,"template":"","format":"standard","meta":{"tdm_status":"","tdm_grid_status":"","footnotes":""},"categories":[27],"tags":[],"_links":{"self":[{"href":"https:\/\/dralvarez.com.mx\/larevista\/wp-json\/wp\/v2\/posts\/61966"}],"collection":[{"href":"https:\/\/dralvarez.com.mx\/larevista\/wp-json\/wp\/v2\/posts"}],"about":[{"href":"https:\/\/dralvarez.com.mx\/larevista\/wp-json\/wp\/v2\/types\/post"}],"author":[{"embeddable":true,"href":"https:\/\/dralvarez.com.mx\/larevista\/wp-json\/wp\/v2\/users\/1018"}],"replies":[{"embeddable":true,"href":"https:\/\/dralvarez.com.mx\/larevista\/wp-json\/wp\/v2\/comments?post=61966"}],"version-history":[{"count":0,"href":"https:\/\/dralvarez.com.mx\/larevista\/wp-json\/wp\/v2\/posts\/61966\/revisions"}],"wp:attachment":[{"href":"https:\/\/dralvarez.com.mx\/larevista\/wp-json\/wp\/v2\/media?parent=61966"}],"wp:term":[{"taxonomy":"category","embeddable":true,"href":"https:\/\/dralvarez.com.mx\/larevista\/wp-json\/wp\/v2\/categories?post=61966"},{"taxonomy":"post_tag","embeddable":true,"href":"https:\/\/dralvarez.com.mx\/larevista\/wp-json\/wp\/v2\/tags?post=61966"}],"curies":[{"name":"wp","href":"https:\/\/api.w.org\/{rel}","templated":true}]}}