{"id":61964,"date":"2018-01-25T00:00:00","date_gmt":"2018-01-25T06:00:00","guid":{"rendered":"https:\/\/dralvarez.com.mx\/larevista\/blog\/aplica-cobacam-acreditabach-examen-para-quienes-deseen-concluir-su-preparatoria-21670"},"modified":"2018-01-25T00:00:00","modified_gmt":"2018-01-25T06:00:00","slug":"aplica-cobacam-acreditabach-examen-para-quienes-deseen-concluir-su-preparatoria-21670","status":"publish","type":"post","link":"https:\/\/dralvarez.com.mx\/larevista\/compeche\/aplica-cobacam-acreditabach-examen-para-quienes-deseen-concluir-su-preparatoria-21670","title":{"rendered":"Aplica COBACAM \u201cACREDITABACH\u201d examen para quienes deseen concluir su preparatoria"},"content":{"rendered":"<p>El Colegio de Bachilleres del Estado de Campeche (COBACAM), comprometido con la educaci\u00f3n de la Entidad, aplic\u00f3 el examen general de Competencias Disciplinares B\u00e1sicas &#8220;Acredita-Bach&#8221; 2018, en las instalaciones de la escuela preparatoria \u201cNazario V\u00edctor Montejo Godoy\u201d.<\/p>\n<p>Cabe destacar que esta evaluaci\u00f3n est\u00e1 dirigida a todas las personas que por alguna raz\u00f3n no cursaron o no terminaron sus estudios de bachillerato y que desean obtener el certificado de este nivel educativo.<\/p>\n<p>Asimismo, con la aplicaci\u00f3n de esta prueba se busca  reducir significativamente, tanto los requisitos del tr\u00e1mite, como el tiempo del procedimiento para la acreditaci\u00f3n de conocimientos de manera autodidacta o por experiencia laboral.<\/p>\n<p>&#8220;Acredita-Bach&#8221; tiene ya varios a\u00f1os que se aplica en nuestro Estado, beneficiando a un importante n\u00famero de ciudadanos que necesitan este nivel de estudios para obtener una mejor\u00eda en sus trabajos o continuar sus estudios acad\u00e9micos.<\/p>\n<p>El examen eval\u00faa los conocimientos y habilidades de cinco \u00e1reas o campos disciplinares: matem\u00e1ticas, ciencias experimentales, humanidades, ciencias sociales y habilidad comunicativa, los cuales se presentan en un examen global que se conforma de tres instrumentos: examen general de competencias disciplinares b\u00e1sicas, compresi\u00f3n lectora y de habilidades de expresi\u00f3n y argumentaci\u00f3n escritas.<\/p>\n<p>Las personas que  no logren acreditar una de las cinco \u00e1reas o campos disciplinares, tienen la oportunidad de participar en una segunda y \u00fanica evaluaci\u00f3n para acreditarlo, mediante el  examen de campo disciplinar.<\/p>\n<p>Finalmente la direcci\u00f3n acad\u00e9mica del COBACAM destac\u00f3 que quienes han presentaron el examen general de Competencias Disciplinares B\u00e1sicas, este 21 de enero, recibir\u00e1n sus resultados el 9 de marzo, a trav\u00e9s del portal <a target=\"_blank\" rel=\"nofollow noopener\" href=\"http:\/\/portal.ceneval.edu.mx\">http:\/\/portal.ceneval.edu.mx<\/a>.<\/p>\n","protected":false},"excerpt":{"rendered":"<p>Cabe destacar que esta evaluaci\u00f3n est\u00e1 dirigida a todas las personas que por alguna raz\u00f3n no cursaron o no terminaron sus estudios de bachillerato y q<\/p>\n","protected":false},"author":1018,"featured_media":0,"comment_status":"open","ping_status":"open","sticky":false,"template":"","format":"standard","meta":{"tdm_status":"","tdm_grid_status":"","footnotes":""},"categories":[27],"tags":[],"_links":{"self":[{"href":"https:\/\/dralvarez.com.mx\/larevista\/wp-json\/wp\/v2\/posts\/61964"}],"collection":[{"href":"https:\/\/dralvarez.com.mx\/larevista\/wp-json\/wp\/v2\/posts"}],"about":[{"href":"https:\/\/dralvarez.com.mx\/larevista\/wp-json\/wp\/v2\/types\/post"}],"author":[{"embeddable":true,"href":"https:\/\/dralvarez.com.mx\/larevista\/wp-json\/wp\/v2\/users\/1018"}],"replies":[{"embeddable":true,"href":"https:\/\/dralvarez.com.mx\/larevista\/wp-json\/wp\/v2\/comments?post=61964"}],"version-history":[{"count":0,"href":"https:\/\/dralvarez.com.mx\/larevista\/wp-json\/wp\/v2\/posts\/61964\/revisions"}],"wp:attachment":[{"href":"https:\/\/dralvarez.com.mx\/larevista\/wp-json\/wp\/v2\/media?parent=61964"}],"wp:term":[{"taxonomy":"category","embeddable":true,"href":"https:\/\/dralvarez.com.mx\/larevista\/wp-json\/wp\/v2\/categories?post=61964"},{"taxonomy":"post_tag","embeddable":true,"href":"https:\/\/dralvarez.com.mx\/larevista\/wp-json\/wp\/v2\/tags?post=61964"}],"curies":[{"name":"wp","href":"https:\/\/api.w.org\/{rel}","templated":true}]}}