{"id":61933,"date":"2018-01-24T00:00:00","date_gmt":"2018-01-24T06:00:00","guid":{"rendered":"https:\/\/dralvarez.com.mx\/larevista\/blog\/encabeza-gobernador-amc-ceremonia-del-30-aniversario-del-issstecam-21637"},"modified":"2018-01-24T00:00:00","modified_gmt":"2018-01-24T06:00:00","slug":"encabeza-gobernador-amc-ceremonia-del-30-aniversario-del-issstecam-21637","status":"publish","type":"post","link":"https:\/\/dralvarez.com.mx\/larevista\/compeche\/encabeza-gobernador-amc-ceremonia-del-30-aniversario-del-issstecam-21637","title":{"rendered":"Encabeza Gobernador AMC ceremonia del 30 aniversario del ISSSTECAM"},"content":{"rendered":"<\/p>\n<p>El<br \/>\ngobernador Alejandro Moreno C\u00e1rdenas encabez\u00f3 la ceremonia del 30 aniversario<br \/>\ndel Instituto de Seguridad y Servicios Sociales de los Trabajadores del Estado<br \/>\nde Campeche (Issstecam), donde devel\u00f3 una placa conmemorativa y entreg\u00f3<br \/>\nreconocimientos a empleados fundadores de la instituci\u00f3n y del Centro de Desarrollo<br \/>\nInfantil (Cendi).<\/p>\n<p>Acompa\u00f1ado<br \/>\npor los titulares de los poderes Legislativo y Judicial, Ramon M\u00e9ndez Lanz y<br \/>\nMiguel \u00c1ngel Chuc L\u00f3pez, respectivamente, el gobernador destac\u00f3 que los<br \/>\nderechohabientes del Issstecam son mujeres y hombres que le han aportado<br \/>\ntambi\u00e9n muchos a\u00f1os de su vida al pueblo de Campeche.<\/p>\n<p>En<br \/>\nel Claustro del Instituto Campechano, enfatiz\u00f3 que los trabajadores son un<br \/>\norgullo para el estado, pues son quienes trabajan todos los d\u00edas para dar un mejor<br \/>\nservicio a los campechanos.<\/p>\n<p>Ante<br \/>\nm\u00e1s de 200 empleados del organismo, Moreno C\u00e1rdenas asegur\u00f3 que 2018 ser\u00e1 un<br \/>\ngran a\u00f1o para Campeche, ya que habr\u00e1 m\u00e1s obras e inversi\u00f3n que generar\u00e1n oportunidades<br \/>\na las familias campechanas.<\/p>\n<p>\u201cTenemos<br \/>\nque construir el mejor Campeche de todos los tiempos; sentirnos orgullosos de lo<br \/>\nque somos, de lo que tenemos\u201d, asever\u00f3.<\/p>\n<p>Por<br \/>\nsu parte, la directora general del Issstecam, Diana Eugenia Lara Gamboa,<br \/>\nenfatiz\u00f3 que actualmente la instituci\u00f3n cuenta con una plantilla de 220 trabajadores;<br \/>\n11 mil 700 afiliados activos, provenientes de 19 dependencias de los tres poderes<br \/>\nde gobierno y organismos descentralizados, y atiende a 246 ni\u00f1os en el Cendi.<\/p>\n<p>Destac\u00f3<br \/>\nque en esta administraci\u00f3n se cre\u00f3 el Centro Integral para el Adulto Mayor<br \/>\n(CIAM), donde actualmente se brinda atenci\u00f3n a 220 jubilados y pensionados.<\/p>\n<p>Posteriormente,<br \/>\nel mandatario entreg\u00f3 reconocimientos a Rosa Margarita Arroyo Naal e Irma<br \/>\nNatividad Rodr\u00edguez Espinosa, fundadoras del Issstecam; as\u00ed como a Elvia Isabel<br \/>\nBaeza Ch\u00e1vez, Diana Noem\u00ed Dzib Caballero, Marlene Candelaria G\u00f3mez Cort\u00e9s,<br \/>\nConsuelo del Carmen Torres Pinz\u00f3n, Isabel del Carmen P\u00e9rez P\u00e9rez y Martha Elena<br \/>\nGarma Puc, fundadoras del Cendi.<\/p>\n<p>En<br \/>\nla ceremonia, la Orquesta Infantil del Cendi-Issstecam interpret\u00f3 el tema<br \/>\nmusical \u201cChampot\u00f3n\u201d y la maestra Marlene Peralta Pinto, enton\u00f3 el Himno<br \/>\nCampechano en maya.<\/p>\n<p>Tambi\u00e9n<br \/>\nasistieron, el rector del Instituto Campechano, Fernando Sandoval Castellanos,<br \/>\ny el secretario de Administraci\u00f3n Gubernamental, Gustavo Ortiz Gonz\u00e1lez.<\/p><\/p>\n","protected":false},"excerpt":{"rendered":"<p>Donde devel\u00f3 una placa conmemorativa y entreg\u00f3 reconocimientos a empleados fundadores de la instituci\u00f3n y del Centro de Desarrollo Infantil (Cendi).<\/p>\n","protected":false},"author":1018,"featured_media":0,"comment_status":"open","ping_status":"open","sticky":false,"template":"","format":"standard","meta":{"tdm_status":"","tdm_grid_status":"","footnotes":""},"categories":[27],"tags":[],"_links":{"self":[{"href":"https:\/\/dralvarez.com.mx\/larevista\/wp-json\/wp\/v2\/posts\/61933"}],"collection":[{"href":"https:\/\/dralvarez.com.mx\/larevista\/wp-json\/wp\/v2\/posts"}],"about":[{"href":"https:\/\/dralvarez.com.mx\/larevista\/wp-json\/wp\/v2\/types\/post"}],"author":[{"embeddable":true,"href":"https:\/\/dralvarez.com.mx\/larevista\/wp-json\/wp\/v2\/users\/1018"}],"replies":[{"embeddable":true,"href":"https:\/\/dralvarez.com.mx\/larevista\/wp-json\/wp\/v2\/comments?post=61933"}],"version-history":[{"count":0,"href":"https:\/\/dralvarez.com.mx\/larevista\/wp-json\/wp\/v2\/posts\/61933\/revisions"}],"wp:attachment":[{"href":"https:\/\/dralvarez.com.mx\/larevista\/wp-json\/wp\/v2\/media?parent=61933"}],"wp:term":[{"taxonomy":"category","embeddable":true,"href":"https:\/\/dralvarez.com.mx\/larevista\/wp-json\/wp\/v2\/categories?post=61933"},{"taxonomy":"post_tag","embeddable":true,"href":"https:\/\/dralvarez.com.mx\/larevista\/wp-json\/wp\/v2\/tags?post=61933"}],"curies":[{"name":"wp","href":"https:\/\/api.w.org\/{rel}","templated":true}]}}