{"id":61932,"date":"2018-01-24T00:00:00","date_gmt":"2018-01-24T06:00:00","guid":{"rendered":"https:\/\/dralvarez.com.mx\/larevista\/blog\/christelle-castanon-de-moreno-en-visita-reinaugura-el-cdc-sascalum-21636"},"modified":"2018-01-24T00:00:00","modified_gmt":"2018-01-24T06:00:00","slug":"christelle-castanon-de-moreno-en-visita-reinaugura-el-cdc-sascalum-21636","status":"publish","type":"post","link":"https:\/\/dralvarez.com.mx\/larevista\/compeche\/christelle-castanon-de-moreno-en-visita-reinaugura-el-cdc-sascalum-21636","title":{"rendered":"Christelle Casta\u00f1\u00f3n de Moreno en visita reinaugura el CDC \u201cSascalum\u201d"},"content":{"rendered":"<p>El Centro de Desarrollo Comunitario (CDC) Sascalum ofrece espacios dignos para que aprendan de manera confortable los 241 usuarios que asisten a los 12 talleres, asegur\u00f3 la Presidenta del Patronato del DIF Estatal, Christelle Casta\u00f1\u00f3n de Moreno, durante la reinauguraci\u00f3n de este sitio, que tiene en su coordinaci\u00f3n el Grupo de Participaci\u00f3n Ciudadana (GPC) de la Secretar\u00eda de Planeaci\u00f3n (SEPLAN), encabezado por Lourdes Cervera de Arredondo.<\/p>\n<p>\u201cHoy es un d\u00eda importante para el DIF y el Centro, porque pas\u00f3 de ser un sitio reducido a un lugar amplio y digno. Felicito al titular de la SEPLAN, Ram\u00f3n Arredondo Anguiano, y a cada uno de los representantes de las instituciones que contribuyeron en la remodelaci\u00f3n, que  es un compromiso hecho realidad de mi segundo informe de labores y que cuenta con la gu\u00eda de mi esposo, el Gobernador del Estado, Alejandro Moreno C\u00e1rdenas\u201d, precis\u00f3 Casta\u00f1\u00f3n de Moreno.<\/p>\n<p>Indic\u00f3 que los 28 CDC son espacios p\u00fablicos gratuitos que ponen al alcance de todos los ciudadanos oportunidades en sus colonias, promoviendo el buen uso del tiempo libre y el ingreso familiar, as\u00ed como la sana convivencia y que cuentan con instructores capacitados por el Instituto de Capacitaci\u00f3n para el Trabajo en el Estado de Campeche (ICATCAM), \u201cahora los exhorto para que lo cuiden y valoren, porque nosotros nos vamos, pero esto sigue\u201d, dijo.<\/p>\n<p>\u201cLos espacios siguen siendo gratuitos gracias al respaldo del Presidente de la Rep\u00fablica, Enrique Pe\u00f1a Nieto, y de su esposa, Ang\u00e9lica Rivera de Pe\u00f1a, por ello, aprovechen los talleres\u201d, recalc\u00f3.<\/p>\n<p>En el evento participaron los alumnos del taller de taekwondo con una  demostraci\u00f3n, las alumnas de activaci\u00f3n f\u00edsica realizaron diversas ejecuciones, y el ni\u00f1o Dami\u00e1n Jes\u00fas Navarrete G\u00f3ngora extern\u00f3 su agradecimiento a la Presidenta del Patronato del DIF Estatal por promover este tipo de actividades donde aprenden y conviven. <\/p>\n<p>La remodelaci\u00f3n se realiz\u00f3 en dos etapas, en la primera se construy\u00f3 la terraza, rehabilitaci\u00f3n de la sala de c\u00f3mputo, un ba\u00f1o, cinco aulas, cocina, pasillos exteriores, barda perimetral y \u00e1rea de estacionamiento; mientras que en la segunda se construyeron las escaleras del segundo nivel, \u00e1rea de usos m\u00faltiples, aula de costura, aula de belleza, \u00e1rea de juegos, \u00e1rea com\u00fan en el jard\u00edn, se equip\u00f3 de un tanque estacionario y de ventiladores, un ba\u00f1o, cancha de usos m\u00faltiples con barda y barandal en pasillo exteriores de estacionamiento.<\/p>\n<p>En su intervenci\u00f3n, el titular de la SEPLAN dijo que los Centros son el resultado de varias instituciones y se convierten en apoyo para los alumnos que tienen una oportunidad de aprender un oficio, \u201ccon estas acciones se fortalece el servicio a la comunidad que impulsa el Gobernador Alejandro Moreno C\u00e1rdenas y su esposa Christelle Casta\u00f1\u00f3n de Moreno, d\u00e1ndole un rostro social y dignidad a los espacios\u201d, sostuvo; y antes de concluir entreg\u00f3 una silla de ruedas.<\/p>\n<p>Casta\u00f1\u00f3n de Moreno, acompa\u00f1ada por la Directora General del DIF, Silvia Elena Parrao Arceo;  el titular de la Secretar\u00eda de Desarrollo Social y Humano (SEDESYH), Jorge Chanona Echeverr\u00eda, y su esposa Jimena Torre; de la Directora de Desarrollo Familiar y Voluntariado, Sonia Castilla Trevi\u00f1o; y el Director del ICATCAM, Carlos Eduardo Ortiz Pi\u00f1era, realizaron un recorrido para conocer a los alumnos que toman diferentes clases, ver las nuevas instalaciones y los trabajos elaborados en  los talleres Corte y Confecci\u00f3n, Tardes de Tarea, Tae Kwon Do, Urdido de Hamaca, Activaci\u00f3n F\u00edsica, Ingl\u00e9s, Bordado, Tejido, Manualidades, Madera, Pintura en Tela, Cocina y Reposter\u00eda y Cultura de Belleza.<\/p>\n","protected":false},"excerpt":{"rendered":"<p>Sascalum ofrece espacios dignos para que aprendan de manera confortable los 241 usuarios que asisten a los 12 talleres.<\/p>\n","protected":false},"author":1018,"featured_media":0,"comment_status":"open","ping_status":"open","sticky":false,"template":"","format":"standard","meta":{"tdm_status":"","tdm_grid_status":"","footnotes":""},"categories":[27],"tags":[],"_links":{"self":[{"href":"https:\/\/dralvarez.com.mx\/larevista\/wp-json\/wp\/v2\/posts\/61932"}],"collection":[{"href":"https:\/\/dralvarez.com.mx\/larevista\/wp-json\/wp\/v2\/posts"}],"about":[{"href":"https:\/\/dralvarez.com.mx\/larevista\/wp-json\/wp\/v2\/types\/post"}],"author":[{"embeddable":true,"href":"https:\/\/dralvarez.com.mx\/larevista\/wp-json\/wp\/v2\/users\/1018"}],"replies":[{"embeddable":true,"href":"https:\/\/dralvarez.com.mx\/larevista\/wp-json\/wp\/v2\/comments?post=61932"}],"version-history":[{"count":0,"href":"https:\/\/dralvarez.com.mx\/larevista\/wp-json\/wp\/v2\/posts\/61932\/revisions"}],"wp:attachment":[{"href":"https:\/\/dralvarez.com.mx\/larevista\/wp-json\/wp\/v2\/media?parent=61932"}],"wp:term":[{"taxonomy":"category","embeddable":true,"href":"https:\/\/dralvarez.com.mx\/larevista\/wp-json\/wp\/v2\/categories?post=61932"},{"taxonomy":"post_tag","embeddable":true,"href":"https:\/\/dralvarez.com.mx\/larevista\/wp-json\/wp\/v2\/tags?post=61932"}],"curies":[{"name":"wp","href":"https:\/\/api.w.org\/{rel}","templated":true}]}}