{"id":61930,"date":"2018-01-24T00:00:00","date_gmt":"2018-01-24T06:00:00","guid":{"rendered":"https:\/\/dralvarez.com.mx\/larevista\/blog\/al-invertir-en-educacion-se-invierte-en-el-futuro-y-desarrollo-de-campeche-medina-farfan-21634"},"modified":"2018-01-24T00:00:00","modified_gmt":"2018-01-24T06:00:00","slug":"al-invertir-en-educacion-se-invierte-en-el-futuro-y-desarrollo-de-campeche-medina-farfan-21634","status":"publish","type":"post","link":"https:\/\/dralvarez.com.mx\/larevista\/compeche\/al-invertir-en-educacion-se-invierte-en-el-futuro-y-desarrollo-de-campeche-medina-farfan-21634","title":{"rendered":"Al invertir en educaci\u00f3n, se invierte en el futuro y desarrollo de Campeche: Medina Farf\u00e1n"},"content":{"rendered":"<p>\u201cLa educaci\u00f3n es el camino para transformar Campeche, al invertir en educaci\u00f3n invertimos en el futuro del Estado, y ese es el motivo por lo que, siguiendo la instrucci\u00f3n del Gobernador Alejandro Moreno C\u00e1rdenas, seguimos mejorando la infraestructura escolar y realizando gestiones que nos permitan no s\u00f3lo cambiar el rostro f\u00edsico de las escuelas, sino tambi\u00e9n de la ense\u00f1anza\u201d, afirm\u00f3 el titular de la Secretar\u00eda de Educaci\u00f3n (SEDUC), Ricardo Medina Farf\u00e1n, al continuar la gira de entrega de obras de infraestructura educativa realizadas en la Entidad.<\/p>\n<p>Al inaugurar la nueva cancha techada de la Escuela Primaria \u201cJosefa Ortiz de Dom\u00ednguez\u201d, en la comunidad de Laureles, misma que fue habilitada con una inversi\u00f3n de m\u00e1s de dos millones de pesos y llevar el programa de \u201cRealidad Virtual\u201d que se desarrolla de la mano de Google for Education, Medina Farf\u00e1n asegur\u00f3 que se seguir\u00e1n gestionando recursos e impulsando acciones en beneficio de la comunidad educativa del Estado.<\/p>\n<p>Ante docentes, autoridades municipales, padres de familia y tutores, el funcionario estatal subray\u00f3 que de forma paulatina se est\u00e1 cambiando el rostro de la educaci\u00f3n en Campeche, se est\u00e1n modernizando las escuelas, pero no s\u00f3lo con mejoras f\u00edsicas en su infraestructura, sino tambi\u00e9n en los servicios, en la atenci\u00f3n, en el esquema de ense\u00f1anza, fortaleciendo la capacitaci\u00f3n docente, los programas de acci\u00f3n y atenci\u00f3n en las aulas, y la profesionalizaci\u00f3n del personal educativo.<\/p>\n<p>\u201cAl final, todo este esfuerzo por mejorar las escuelas f\u00edsicamente, por ampliar los programas, por mejorar la capacitaci\u00f3n de los maestros, todas estas acciones tienen un s\u00f3lo cometido, ofrecer la mejor educaci\u00f3n a sus hijos; que sus hijos tengan la oportunidad de crecer educativamente, de desarrollar sus competencias, porque todos son capaces de lograr lo que se propongan. El Gobernador Alejandro Moreno C\u00e1rdenas tiene muy claro que la educaci\u00f3n en fundamental para lograr que Campeche crezca y sea un Estado como todos lo deseamos, que sea una comunidad donde haya oportunidades para todos, por lo que tengan claro que a trav\u00e9s de la educaci\u00f3n todo se puede lograr\u201d, recalc\u00f3.<\/p>\n<p>Medina Farf\u00e1n refiri\u00f3 que con este equipamiento se da por atendida una de las necesidades que fue planteada cuatro meses antes por la poblaci\u00f3n de esta comunidad y que, ahora, gracias a las gestiones con el mandatario estatal y autoridades federales, se ve reflejada la respuesta a trav\u00e9s de un espacio digno donde los estudiantes podr\u00e1n realizar sus actividades recreativas en mejores condiciones.<\/p>\n<p>Record\u00f3 que, desde el inicio de la presente Administraci\u00f3n Estatal, se han atendido m\u00e1s de 960 escuelas en toda la entidad, esto significa que el 63 por ciento de las existentes, con acciones de rehabilitaci\u00f3n, modernizaci\u00f3n o mejora por lo que dijo se conf\u00eda en que al culminar este gobierno el cien por ciento de los centros escolares sean parte de estas acciones.<\/p>\n<p>Por su parte, el director General del Instituto de la Infraestructura F\u00edsica Educativa del Estado de Campeche (INIFEEC), H\u00e9ctor P\u00e9rez Rodr\u00edguez, indic\u00f3 que esta escuela primaria se llevaron a cabo trabajos de construcci\u00f3n de cubierta de cancha de uso m\u00faltiple con estructura met\u00e1lica y l\u00e1mina de zinc, as\u00ed como la barda perimetral y reja de acero en el acceso; todo ello con una inversi\u00f3n de dos millones 164 mil 582 pesos.<\/p>\n<p>Durante esta visita, los estudiantes al igual que madres y padres de familia, fueron part\u00edcipes del programa de realidad virtual \u201cExpeditions\u201d que se implementa en coordinaci\u00f3n con Google for Education, y que, gracias a su donaci\u00f3n, estos equipos recorren diversos planteles de comunidades rurales.<\/p>\n<p>Cabe destacar que de manera previa junto con el delegado del Consejo Nacional de Fomento Educativo (CONAFE), Rom\u00e1n Iv\u00e1n Acosta Estrella, el secretario de Educaci\u00f3n hizo entrega de paquetes de \u00fatiles y material escolar a alumnos del Jard\u00edn de Ni\u00f1os \u201cMercedes Vasto Lara\u201d de la ciudad capital, mismo que est\u00e1 siendo rehabilitado a trav\u00e9s del programa de Fondo de Aportaci\u00f3n M\u00faltiple (FAM).<\/p>\n<p>En esta actividad, al emitir un mensaje a la comunidad escolar, el encargado de las pol\u00edticas educativas destac\u00f3 que actualmente en dicho centro preescolar se eroga un mill\u00f3n 150 mil 104 pesos para el mejoramiento de los edificios; as\u00ed como diversas obras que al ser concluidas permitir\u00e1n que los peque\u00f1os de este plantel cuenten con una escuela para fortalecer su desarrollo.<\/p>\n","protected":false},"excerpt":{"rendered":"<p>*Titular de SEDUC inaugura rehabilitaci\u00f3n de la Escuela Primaria \u201cJosefa Ortiz de Dom\u00ednguez\u201d de la comunidad de Laureles.<\/p>\n","protected":false},"author":1018,"featured_media":0,"comment_status":"open","ping_status":"open","sticky":false,"template":"","format":"standard","meta":{"tdm_status":"","tdm_grid_status":"","footnotes":""},"categories":[27],"tags":[],"_links":{"self":[{"href":"https:\/\/dralvarez.com.mx\/larevista\/wp-json\/wp\/v2\/posts\/61930"}],"collection":[{"href":"https:\/\/dralvarez.com.mx\/larevista\/wp-json\/wp\/v2\/posts"}],"about":[{"href":"https:\/\/dralvarez.com.mx\/larevista\/wp-json\/wp\/v2\/types\/post"}],"author":[{"embeddable":true,"href":"https:\/\/dralvarez.com.mx\/larevista\/wp-json\/wp\/v2\/users\/1018"}],"replies":[{"embeddable":true,"href":"https:\/\/dralvarez.com.mx\/larevista\/wp-json\/wp\/v2\/comments?post=61930"}],"version-history":[{"count":0,"href":"https:\/\/dralvarez.com.mx\/larevista\/wp-json\/wp\/v2\/posts\/61930\/revisions"}],"wp:attachment":[{"href":"https:\/\/dralvarez.com.mx\/larevista\/wp-json\/wp\/v2\/media?parent=61930"}],"wp:term":[{"taxonomy":"category","embeddable":true,"href":"https:\/\/dralvarez.com.mx\/larevista\/wp-json\/wp\/v2\/categories?post=61930"},{"taxonomy":"post_tag","embeddable":true,"href":"https:\/\/dralvarez.com.mx\/larevista\/wp-json\/wp\/v2\/tags?post=61930"}],"curies":[{"name":"wp","href":"https:\/\/api.w.org\/{rel}","templated":true}]}}