{"id":61886,"date":"2018-01-23T00:00:00","date_gmt":"2018-01-23T06:00:00","guid":{"rendered":"https:\/\/dralvarez.com.mx\/larevista\/blog\/mas-de-500-mil-pesos-para-empresas-carmelitas-21587"},"modified":"2018-01-23T00:00:00","modified_gmt":"2018-01-23T06:00:00","slug":"mas-de-500-mil-pesos-para-empresas-carmelitas-21587","status":"publish","type":"post","link":"https:\/\/dralvarez.com.mx\/larevista\/compeche\/mas-de-500-mil-pesos-para-empresas-carmelitas-21587","title":{"rendered":"M\u00e1s de 500 mil pesos para empresas carmelitas"},"content":{"rendered":"<p>Como parte de las acciones de la recuperaci\u00f3n econ\u00f3mica y del Programa Estatal de Inclusi\u00f3n Financiera, Fondo Campeche  (FOCAM) entreg\u00f3 los primeros cr\u00e9ditos del a\u00f1o y reembolso de intereses a siete empresarios del municipio de Carmen.<\/p>\n<p>A trav\u00e9s del programa \u201cCrece tu Microempresa\u201d, el director general de FOCAM, Erik Vargas Hern\u00e1ndez, entreg\u00f3 cr\u00e9ditos por un monto de 492 mil 500 pesos a tres empresas de diversas actividades econ\u00f3micas como laboratorio m\u00e9dico, servicios de contabilidad y educativos, de la isla.<\/p>\n<p>Asimismo, cuatro j\u00f3venes emprendedores dedicados a las actividades de servicios y comerciales que cumplieron con el pago oportuno de sus cr\u00e9ditos, se beneficiaron por la cantidad total de 23 mil 760 pesos, como parte de la modalidad del reembolso de intereses del programa Cr\u00e9dito Joven Tasa 0.<\/p>\n<p>A trav\u00e9s de los esfuerzos de la federaci\u00f3n y el Gobierno del Estado, en el 2017 se otorgaron solo en este municipio 58 millones 678 mil 452 pesos en 188 financiamientos para empresas carmelitas, en los distintos programas de primer y segundo piso que opera en el Estado el FOCAM; y en comparaci\u00f3n con el 2016, existe un 40 % de aumento en los montos entregados, lo que permite generar una mejor econom\u00eda.<\/p>\n<p>Con estos apoyos, se da una mayor estabilidad para que las empresas sigan operando, atendiendo necesidades primordiales para el ejercicio de sus negocios, como el de obtener capital de trabajo, que los ayuda a mantener sus servicios y productos en el mercado comercial del municipio, finaliz\u00f3 Vargas Hern\u00e1ndez.<\/p>\n","protected":false},"excerpt":{"rendered":"<p>Como parte de las acciones de la recuperaci\u00f3n econ\u00f3mica y del Programa Estatal de Inclusi\u00f3n Financiera.<\/p>\n","protected":false},"author":1018,"featured_media":0,"comment_status":"open","ping_status":"open","sticky":false,"template":"","format":"standard","meta":{"tdm_status":"","tdm_grid_status":"","footnotes":""},"categories":[27],"tags":[],"_links":{"self":[{"href":"https:\/\/dralvarez.com.mx\/larevista\/wp-json\/wp\/v2\/posts\/61886"}],"collection":[{"href":"https:\/\/dralvarez.com.mx\/larevista\/wp-json\/wp\/v2\/posts"}],"about":[{"href":"https:\/\/dralvarez.com.mx\/larevista\/wp-json\/wp\/v2\/types\/post"}],"author":[{"embeddable":true,"href":"https:\/\/dralvarez.com.mx\/larevista\/wp-json\/wp\/v2\/users\/1018"}],"replies":[{"embeddable":true,"href":"https:\/\/dralvarez.com.mx\/larevista\/wp-json\/wp\/v2\/comments?post=61886"}],"version-history":[{"count":0,"href":"https:\/\/dralvarez.com.mx\/larevista\/wp-json\/wp\/v2\/posts\/61886\/revisions"}],"wp:attachment":[{"href":"https:\/\/dralvarez.com.mx\/larevista\/wp-json\/wp\/v2\/media?parent=61886"}],"wp:term":[{"taxonomy":"category","embeddable":true,"href":"https:\/\/dralvarez.com.mx\/larevista\/wp-json\/wp\/v2\/categories?post=61886"},{"taxonomy":"post_tag","embeddable":true,"href":"https:\/\/dralvarez.com.mx\/larevista\/wp-json\/wp\/v2\/tags?post=61886"}],"curies":[{"name":"wp","href":"https:\/\/api.w.org\/{rel}","templated":true}]}}