{"id":61885,"date":"2018-01-23T00:00:00","date_gmt":"2018-01-23T06:00:00","guid":{"rendered":"https:\/\/dralvarez.com.mx\/larevista\/blog\/reunion-de-trabajo-promocion-y-difusion-para-participar-en-la-consulta-publica-de-la-enigh-2018-21586"},"modified":"2018-01-23T00:00:00","modified_gmt":"2018-01-23T06:00:00","slug":"reunion-de-trabajo-promocion-y-difusion-para-participar-en-la-consulta-publica-de-la-enigh-2018-21586","status":"publish","type":"post","link":"https:\/\/dralvarez.com.mx\/larevista\/compeche\/reunion-de-trabajo-promocion-y-difusion-para-participar-en-la-consulta-publica-de-la-enigh-2018-21586","title":{"rendered":"Reuni\u00f3n de trabajo \u201cPromoci\u00f3n y Difusi\u00f3n para participar en la consulta p\u00fablica de la ENIGH 2018\u201d."},"content":{"rendered":"<p>El titular de la Secretar\u00eda de Planeaci\u00f3n (SEPLAN) y presidente del Comit\u00e9 Estatal de Informaci\u00f3n Estad\u00edstica y Geogr\u00e1fica (CEIEG), Ram\u00f3n Arredondo Anguiano, estuvo presente en la reuni\u00f3n de trabajo \u201cPromoci\u00f3n y Difusi\u00f3n para participar en la consulta p\u00fablica de la encuesta nacional de Ingresos y Gastos de los Hogares (ENIGH) 2018\u201d, organizada por el Instituto Nacional de Estad\u00edstica y Geograf\u00eda (INEGI). En el marco del grupo de trabajo Sociodemogr\u00e1fico del CEIEG para fortalecer la informaci\u00f3n de forma veraz, oportuna y de calidad para la consulta de la poblaci\u00f3n. Estuvieron presentes, Francisco Castro Azar, coordinador Administrativo y encargado del despacho del INFOCAM; y David Espadas Cob\u00e1, subdirector estatal de Estad\u00edstica del INEGI.<\/p>\n","protected":false},"excerpt":{"rendered":"<p>Reuni\u00f3n de trabajo \u201cPromoci\u00f3n y Difusi\u00f3n para participar en la consulta p\u00fablica de la encuesta nacional de Ingresos y Gastos de los Hogares 2018\u201d.<\/p>\n","protected":false},"author":1018,"featured_media":0,"comment_status":"open","ping_status":"open","sticky":false,"template":"","format":"standard","meta":{"tdm_status":"","tdm_grid_status":"","footnotes":""},"categories":[27],"tags":[],"_links":{"self":[{"href":"https:\/\/dralvarez.com.mx\/larevista\/wp-json\/wp\/v2\/posts\/61885"}],"collection":[{"href":"https:\/\/dralvarez.com.mx\/larevista\/wp-json\/wp\/v2\/posts"}],"about":[{"href":"https:\/\/dralvarez.com.mx\/larevista\/wp-json\/wp\/v2\/types\/post"}],"author":[{"embeddable":true,"href":"https:\/\/dralvarez.com.mx\/larevista\/wp-json\/wp\/v2\/users\/1018"}],"replies":[{"embeddable":true,"href":"https:\/\/dralvarez.com.mx\/larevista\/wp-json\/wp\/v2\/comments?post=61885"}],"version-history":[{"count":0,"href":"https:\/\/dralvarez.com.mx\/larevista\/wp-json\/wp\/v2\/posts\/61885\/revisions"}],"wp:attachment":[{"href":"https:\/\/dralvarez.com.mx\/larevista\/wp-json\/wp\/v2\/media?parent=61885"}],"wp:term":[{"taxonomy":"category","embeddable":true,"href":"https:\/\/dralvarez.com.mx\/larevista\/wp-json\/wp\/v2\/categories?post=61885"},{"taxonomy":"post_tag","embeddable":true,"href":"https:\/\/dralvarez.com.mx\/larevista\/wp-json\/wp\/v2\/tags?post=61885"}],"curies":[{"name":"wp","href":"https:\/\/api.w.org\/{rel}","templated":true}]}}