{"id":61884,"date":"2018-01-23T00:00:00","date_gmt":"2018-01-23T06:00:00","guid":{"rendered":"https:\/\/dralvarez.com.mx\/larevista\/blog\/le-apostamos-a-la-educacion-a-la-formacion-y-a-mejores-condiciones-en-las-escuelas-por-un-mejor-campeche-medina-farfan-21585"},"modified":"2018-01-23T00:00:00","modified_gmt":"2018-01-23T06:00:00","slug":"le-apostamos-a-la-educacion-a-la-formacion-y-a-mejores-condiciones-en-las-escuelas-por-un-mejor-campeche-medina-farfan-21585","status":"publish","type":"post","link":"https:\/\/dralvarez.com.mx\/larevista\/compeche\/le-apostamos-a-la-educacion-a-la-formacion-y-a-mejores-condiciones-en-las-escuelas-por-un-mejor-campeche-medina-farfan-21585","title":{"rendered":"Le apostamos a la educaci\u00f3n, a la formaci\u00f3n y a mejores condiciones en las escuelas por un mejor Campeche: Medina Farf\u00e1n"},"content":{"rendered":"<p>\u201cSi queremos tener un mejor Estado, tenemos que tener gente preparada, educada, por eso se le apuesta a la educaci\u00f3n, pero no s\u00f3lo a mejorar las condiciones de los espacios acad\u00e9micos, sino tambi\u00e9n a implementar programas pedag\u00f3gicos que nutran su formaci\u00f3n de la mejor manera porque las ni\u00f1as, ni\u00f1os y j\u00f3venes son lo mejor que tenemos\u201d, asegur\u00f3 el titular de la Secretar\u00eda de Educaci\u00f3n (SEDUC), Ricardo Medina Farf\u00e1n, al encabezar la inauguraci\u00f3n de la rehabilitaci\u00f3n de la Escuela Primaria \u201cConquista Obrera\u201d de la Unidad Habitacional Las Flores, de la Ciudad capital, obra en la que se invirtieron m\u00e1s de 1.6 millones de pesos.<\/p>\n<p>Durante la ceremonia c\u00edvica de inicio de semana, que estuvo a cargo de alumnos del sexto grado grupo \u201cA\u201d de este plantel, el titular de la SEDUC, acompa\u00f1ado del secretario General de la Secci\u00f3n IV del SNTE, Mois\u00e9s Mas Cab, signific\u00f3 las acciones que se han llevado a cabo en materia de mejoramiento de los colegios de la geograf\u00eda estatal, mismos que han permitido la atenci\u00f3n de muchos que no se hab\u00edan restaurado en m\u00e1s de 40 a\u00f1os.<\/p>\n<p>Precis\u00f3, ante el director General del Instituto de la Infraestructura F\u00edsica Educativa del Estado de Campeche (INIFEEC), H\u00e9ctor P\u00e9rez Rodr\u00edguez, que al igual que este plantel, 960 escuelas de toda la entidad han sido rehabilitadas en lo que va la administraci\u00f3n del Gobernador Alejandro Moreno C\u00e1rdenas, lo que representa un 63 por ciento de todos los centros escolares existentes en la entidad, y que va a permitir que al culminar este gobierno, se haya atendido y modernizado al cien por ciento de ellos.<\/p>\n<p>\u201cQueremos que las escuelas est\u00e9n en buenas condiciones para ustedes, por eso trabajamos en que no s\u00f3lo \u00e9sta, sino todas las escuelas de Campeche sean buenas, bien pintadas, arregladas, y en buenas condiciones; y no solamente eso, que adem\u00e1s tengan programas que les ayuden a formarse y desarrollarse para que tengan un mejor futuro y entre todos, maestras, maestros y autoridades, vamos a lograrlo para ofrecerles un mejor servicio educativo\u201d, recalc\u00f3.<\/p>\n<p>En este acto, Medina Farf\u00e1n record\u00f3 las fechas importantes que se conmemoran durante el presente mes, entre las que destac\u00f3 el natalicio de dos ilustres campechanos, Justo Sierra M\u00e9ndez y Pablo Garc\u00eda, quienes realizaron grandes acciones en beneficio de nuestro Estado; precis\u00f3 que ambos fueron muestra de esfuerzo y dedicaci\u00f3n por lo que alent\u00f3 a los alumnos a prepararse y seguir con sus estudios porque \u201cs\u00f3lo as\u00ed podr\u00e1n aprovechar al m\u00e1ximo todas las capacidades para lograr las metas que se propongan y as\u00ed, como estos dos personajes, convertirse en un orgullo por sus logros para Campeche y por M\u00e9xico\u201d.<\/p>\n<p>Por su parte, el titular del INIFEEC detall\u00f3 en esta escuela se invirti\u00f3 un recurso de poco m\u00e1s de 1.6 millones de pesos del programa de Certificados de Infraestructura Educativa Nacional (Escuelas al CIEN) y el Fondo de Aportaci\u00f3n M\u00faltiple (FAM); con dicho recurso se realizaron trabajos de rehabilitaci\u00f3n de los espacios y edificios con los que cuenta el plantel, pintura, protectores, interruptores el\u00e9ctricos, ba\u00f1os, impermeabilizante, canceler\u00eda, barda perimetral, cancha de usos m\u00faltiples, red el\u00e9ctrica, mobiliario did\u00e1ctico, entre otros m\u00e1s.<\/p>\n<p>Estuvieron presentes el subsecretario de Educaci\u00f3n B\u00e1sica, Ricardo Koh Cambranis; el director de Educaci\u00f3n B\u00e1sica, Alejandro Cuevas L\u00f3pez; la subdirectora de Educaci\u00f3n Primaria, Marina Elid\u00e9 Chan Arcos; el director de la Escuela \u201cConquista Obrera\u201d Marco Antonio Cahuich Noh; Esther Mart\u00ednez Vera, presidenta del Consejo de Participaci\u00f3n Social; y el presidente de la Sociedad de Padres de Familia, Rom\u00e1n Canch\u00e9 Pech; as\u00ed como docentes, madres, padres de familia y alumnos del plantel.<\/p>\n","protected":false},"excerpt":{"rendered":"<p>*Inaugura rehabilitaci\u00f3n de la Escuela Primaria \u201cConquista Obrera\u201d, de Las Flores.<\/p>\n","protected":false},"author":1018,"featured_media":0,"comment_status":"open","ping_status":"open","sticky":false,"template":"","format":"standard","meta":{"tdm_status":"","tdm_grid_status":"","footnotes":""},"categories":[27],"tags":[],"_links":{"self":[{"href":"https:\/\/dralvarez.com.mx\/larevista\/wp-json\/wp\/v2\/posts\/61884"}],"collection":[{"href":"https:\/\/dralvarez.com.mx\/larevista\/wp-json\/wp\/v2\/posts"}],"about":[{"href":"https:\/\/dralvarez.com.mx\/larevista\/wp-json\/wp\/v2\/types\/post"}],"author":[{"embeddable":true,"href":"https:\/\/dralvarez.com.mx\/larevista\/wp-json\/wp\/v2\/users\/1018"}],"replies":[{"embeddable":true,"href":"https:\/\/dralvarez.com.mx\/larevista\/wp-json\/wp\/v2\/comments?post=61884"}],"version-history":[{"count":0,"href":"https:\/\/dralvarez.com.mx\/larevista\/wp-json\/wp\/v2\/posts\/61884\/revisions"}],"wp:attachment":[{"href":"https:\/\/dralvarez.com.mx\/larevista\/wp-json\/wp\/v2\/media?parent=61884"}],"wp:term":[{"taxonomy":"category","embeddable":true,"href":"https:\/\/dralvarez.com.mx\/larevista\/wp-json\/wp\/v2\/categories?post=61884"},{"taxonomy":"post_tag","embeddable":true,"href":"https:\/\/dralvarez.com.mx\/larevista\/wp-json\/wp\/v2\/tags?post=61884"}],"curies":[{"name":"wp","href":"https:\/\/api.w.org\/{rel}","templated":true}]}}