{"id":61881,"date":"2018-01-23T00:00:00","date_gmt":"2018-01-23T06:00:00","guid":{"rendered":"https:\/\/dralvarez.com.mx\/larevista\/blog\/firman-convenio-imec-y-utcam-para-capacitar-a-alumnos-en-perspectiva-de-genero-21582"},"modified":"2018-01-23T00:00:00","modified_gmt":"2018-01-23T06:00:00","slug":"firman-convenio-imec-y-utcam-para-capacitar-a-alumnos-en-perspectiva-de-genero-21582","status":"publish","type":"post","link":"https:\/\/dralvarez.com.mx\/larevista\/compeche\/firman-convenio-imec-y-utcam-para-capacitar-a-alumnos-en-perspectiva-de-genero-21582","title":{"rendered":"Firman Convenio IMEC y UTCAM para capacitar a alumnos en perspectiva de g\u00e9nero"},"content":{"rendered":"<p>El Instituto de la Mujer del Estado de Campeche (IMEC) y la Universidad Tecnol\u00f3gica de Campeche (UTCAM) suscribieron un convenio de colaboraci\u00f3n con el objetivo de establecer las bases generales para impulsar la capacitaci\u00f3n en materia de perspectiva de g\u00e9nero a los alumnos y docentes.<\/p>\n<p>Con la formalizaci\u00f3n de esta acci\u00f3n de vinculaci\u00f3n, el IMEC y la UTCAM se comprometen a realizar actividades de apoyo espec\u00edfico dentro del marco de sus intereses propios y de objetivos comunes, as\u00ed como evaluar la aplicaci\u00f3n y efectividad de dicho convenio, incluso el contenido de las acciones, para una mejor ejecuci\u00f3n.<\/p>\n<p>La directora general del IMEC, Dulce Mar\u00eda Cervera Cetina, en su intervenci\u00f3n agradeci\u00f3 el inter\u00e9s y el apoyo de la rectora de la UTCAM, Hilda Eugenia Vel\u00e1zquez Rodr\u00edguez, para promover, proteger, difundir y garantizar los derechos humanos de las mujeres, entre los alumnos de las diferentes carreras y el personal que integra la plantilla docente.<\/p>\n<p>Reconoci\u00f3 la calidad educativa y el prestigio que esa instituci\u00f3n con sede en San Antonio C\u00e1rdenas, Pen\u00ednsula de Atasta, municipio de Carmen, se ha ganado a nivel nacional e internacional, gracias no s\u00f3lo a los destacados alumnos, sino tambi\u00e9n al empe\u00f1o y liderazgo de maestros y autoridades de la rector\u00eda.<\/p>\n<p>Por su parte, Vel\u00e1zquez Rodr\u00edguez dijo que con el convenio la Universidad ratifica su compromiso con la sociedad para formar j\u00f3venes con capacidad de justicia, de respeto y que procuren el bienestar de las mujeres, \u201cy como universitarias, tenemos claro que somos el ejemplo de las nuevas generaciones\u201d.<\/p>\n<p>Reconoci\u00f3 la suma de voluntades, el apoyo y el talento del IMEC, \u201cal cual reconozco como una instancia que colabora de manera inmediata y eficiente en la tarea gubernamental de desarrollar pol\u00edticas p\u00fablicas que respondan a las necesidades de las mujeres, as\u00ed como por la igualdad sustantiva entre mujeres y hombres\u201d.<\/p>\n<p>Como parte del convenio, el IMEC se compromete a brindar las facilitadoras para los cursos, talleres y mesas de trabajo, as\u00ed como dar cumplimiento al programa de capacitaci\u00f3n, mientras que la UTCAM, otorgar las facilidades al personal, las instalaciones y otorgar el permiso a los alumnos y docentes para asistir a las pl\u00e1ticas.<\/p>\n<p>Al evento asistieron, los directores de las diferentes carreras educativas y Diana Isabel Jim\u00e9nez Luna, Yair Alfonso Tejero Mar\u00edn, Citlalit Zavala Dom\u00ednguez y Fabi\u00e1n Alberto Ben\u00edtez L\u00f3pez, alumnos ganadores del proyecto \u201cEstrategia Did\u00e1ctica para el Ahorro Eficiente de la Energ\u00eda El\u00e9ctrica\u201d, que permitir\u00e1 a M\u00e9xico participar en un concurso de divulgaci\u00f3n cient\u00edfica en Chile.<\/p>\n","protected":false},"excerpt":{"rendered":"<p>Con el objetivo de establecer las bases generales para impulsar la capacitaci\u00f3n en materia de perspectiva de g\u00e9nero a los alumnos y docentes.<\/p>\n","protected":false},"author":1018,"featured_media":0,"comment_status":"open","ping_status":"open","sticky":false,"template":"","format":"standard","meta":{"tdm_status":"","tdm_grid_status":"","footnotes":""},"categories":[27],"tags":[],"_links":{"self":[{"href":"https:\/\/dralvarez.com.mx\/larevista\/wp-json\/wp\/v2\/posts\/61881"}],"collection":[{"href":"https:\/\/dralvarez.com.mx\/larevista\/wp-json\/wp\/v2\/posts"}],"about":[{"href":"https:\/\/dralvarez.com.mx\/larevista\/wp-json\/wp\/v2\/types\/post"}],"author":[{"embeddable":true,"href":"https:\/\/dralvarez.com.mx\/larevista\/wp-json\/wp\/v2\/users\/1018"}],"replies":[{"embeddable":true,"href":"https:\/\/dralvarez.com.mx\/larevista\/wp-json\/wp\/v2\/comments?post=61881"}],"version-history":[{"count":0,"href":"https:\/\/dralvarez.com.mx\/larevista\/wp-json\/wp\/v2\/posts\/61881\/revisions"}],"wp:attachment":[{"href":"https:\/\/dralvarez.com.mx\/larevista\/wp-json\/wp\/v2\/media?parent=61881"}],"wp:term":[{"taxonomy":"category","embeddable":true,"href":"https:\/\/dralvarez.com.mx\/larevista\/wp-json\/wp\/v2\/categories?post=61881"},{"taxonomy":"post_tag","embeddable":true,"href":"https:\/\/dralvarez.com.mx\/larevista\/wp-json\/wp\/v2\/tags?post=61881"}],"curies":[{"name":"wp","href":"https:\/\/api.w.org\/{rel}","templated":true}]}}