{"id":61879,"date":"2018-01-23T00:00:00","date_gmt":"2018-01-23T06:00:00","guid":{"rendered":"https:\/\/dralvarez.com.mx\/larevista\/blog\/gobernador-amc-supervisa-trabajos-de-modernizacion-de-la-unidad-deportiva-infantil-de-ciudad-del-carmen-21580"},"modified":"2018-01-23T00:00:00","modified_gmt":"2018-01-23T06:00:00","slug":"gobernador-amc-supervisa-trabajos-de-modernizacion-de-la-unidad-deportiva-infantil-de-ciudad-del-carmen-21580","status":"publish","type":"post","link":"https:\/\/dralvarez.com.mx\/larevista\/compeche\/gobernador-amc-supervisa-trabajos-de-modernizacion-de-la-unidad-deportiva-infantil-de-ciudad-del-carmen-21580","title":{"rendered":"Gobernador AMC supervisa trabajos de modernizaci\u00f3n de la Unidad Deportiva Infantil de Ciudad del Carmen"},"content":{"rendered":"<p>El gobernador Alejandro Moreno C\u00e1rdenas supervis\u00f3 los trabajos de modernizaci\u00f3n de la Unidad Deportiva Infantil de Ciudad del Carmen que contar\u00e1 con instalaciones adaptadas para personas con discapacidad, y a la fecha presenta un avance del 60 por ciento. La obra contempla la inversi\u00f3n de m\u00e1s de 48 millones de pesos y considera la construcci\u00f3n de alberca semiol\u00edmpica, gimnasio y dos canchas de b\u00e1squetbol, todos esos espacios con techo; adem\u00e1s la rehabilitaci\u00f3n de la pista de trote y de los campos de s\u00f3ftbol y f\u00fatbol, entre otras acciones. En el marco de su gira de trabajo por la isla, el mandatario recorri\u00f3 las instalaciones de la Cruz Roja Mexicana, delegaci\u00f3n Carmen, luego de haberse reunido con integrantes del consejo.<\/p>\n","protected":false},"excerpt":{"rendered":"<p>La Unidad Deportiva contar\u00e1 con instalaciones adaptadas para personas con discapacidad.<\/p>\n","protected":false},"author":1018,"featured_media":0,"comment_status":"open","ping_status":"open","sticky":false,"template":"","format":"standard","meta":{"tdm_status":"","tdm_grid_status":"","footnotes":""},"categories":[27],"tags":[],"_links":{"self":[{"href":"https:\/\/dralvarez.com.mx\/larevista\/wp-json\/wp\/v2\/posts\/61879"}],"collection":[{"href":"https:\/\/dralvarez.com.mx\/larevista\/wp-json\/wp\/v2\/posts"}],"about":[{"href":"https:\/\/dralvarez.com.mx\/larevista\/wp-json\/wp\/v2\/types\/post"}],"author":[{"embeddable":true,"href":"https:\/\/dralvarez.com.mx\/larevista\/wp-json\/wp\/v2\/users\/1018"}],"replies":[{"embeddable":true,"href":"https:\/\/dralvarez.com.mx\/larevista\/wp-json\/wp\/v2\/comments?post=61879"}],"version-history":[{"count":0,"href":"https:\/\/dralvarez.com.mx\/larevista\/wp-json\/wp\/v2\/posts\/61879\/revisions"}],"wp:attachment":[{"href":"https:\/\/dralvarez.com.mx\/larevista\/wp-json\/wp\/v2\/media?parent=61879"}],"wp:term":[{"taxonomy":"category","embeddable":true,"href":"https:\/\/dralvarez.com.mx\/larevista\/wp-json\/wp\/v2\/categories?post=61879"},{"taxonomy":"post_tag","embeddable":true,"href":"https:\/\/dralvarez.com.mx\/larevista\/wp-json\/wp\/v2\/tags?post=61879"}],"curies":[{"name":"wp","href":"https:\/\/api.w.org\/{rel}","templated":true}]}}