{"id":61877,"date":"2018-01-23T00:00:00","date_gmt":"2018-01-23T06:00:00","guid":{"rendered":"https:\/\/dralvarez.com.mx\/larevista\/blog\/investigaciones-por-casos-de-corrupcion-no-tienen-sesgo-ni-tinte-politico-gobernador-amc-21578"},"modified":"2018-01-23T00:00:00","modified_gmt":"2018-01-23T06:00:00","slug":"investigaciones-por-casos-de-corrupcion-no-tienen-sesgo-ni-tinte-politico-gobernador-amc-21578","status":"publish","type":"post","link":"https:\/\/dralvarez.com.mx\/larevista\/compeche\/investigaciones-por-casos-de-corrupcion-no-tienen-sesgo-ni-tinte-politico-gobernador-amc-21578","title":{"rendered":"Investigaciones por casos de corrupci\u00f3n no tienen sesgo ni tinte pol\u00edtico: Gobernador AMC"},"content":{"rendered":"<p><b>CIUDAD DEL CARMEN.-<\/b> \u201cNinguna carpeta de investigaci\u00f3n por caso de corrupci\u00f3n tiene sesgo o tinte pol\u00edtico, aqu\u00ed se aplica la ley porque nadie est\u00e1 por encima de ella\u201d, remarc\u00f3 en entrevista el gobernador Alejandro Moreno C\u00e1rdenas, poco antes de sostener una reuni\u00f3n de trabajo con integrantes del Consejo de la Cruz Roja Mexicana, delegaci\u00f3n Carmen. <\/p>\n<p>Dijo que su gobierno no dejar\u00e1 de aplicar la ley porque alguien pretenda ampararse en alg\u00fan dicho o declaraci\u00f3n de que el tema es pol\u00edtico, pues \u201caqu\u00ed no hay colores, aqu\u00ed no hay partidos, aqu\u00ed no hay nombres, no hay apellidos, simple y sencillamente la ley se aplica\u201d.<\/p>\n<p>Asimismo, asever\u00f3 que su gobierno es de transparencia, act\u00faa de cara a la sociedad y tiene el compromiso de ejercer con eficiencia y eficacia los recursos p\u00fablicos, por lo que ser\u00e1 implacable en el tema del combate a la corrupci\u00f3n y la impunidad.<\/p>\n<p>Respecto al proceso electoral, enfatiz\u00f3 que Campeche fue el primer estado del pa\u00eds en convocar a las autoridades electorales federales y estatales, y a los servidores p\u00fablicos de los tres niveles de gobierno, para dejar en claro que no se permitir\u00e1 que nadie viole la ley.<\/p>\n<p>Subray\u00f3 que ning\u00fan programa federal, estatal o municipal tiene color partidista ya que fueron creados para beneficiar a la gente, por lo que el funcionario del nivel que sea, que desv\u00ede un peso, ser\u00e1 denunciado, consignado y se le aplicar\u00e1 la ley.<\/p>\n<p>Previamente, el mandatario estatal se\u00f1al\u00f3 que durante su estancia en la isla sostendr\u00e1 reuniones de trabajo con funcionarios estatales y de Petr\u00f3leos Mexicanos, ante la pr\u00f3xima visita a Campeche de su director general, Carlos Trevi\u00f1o Medina.<\/p>\n<p>Mencion\u00f3 que tambi\u00e9n se revisar\u00e1n, entre otros puntos, los avances que se dan en torno al establecimiento de la Zona Econ\u00f3mica Especial, que en el caso de Campeche tendr\u00e1 dos pol\u00edgonos, el de Seybaplaya y Ciudad del Carmen; se dar\u00e1 seguimiento a los avances de la nueva Unidad Deportiva de Carmen y el Puente de la Unidad, as\u00ed como a proyectos de inversi\u00f3n en materia de infraestructura para el puerto de la isla.<\/p>\n<p>Coment\u00f3 que en fechas pr\u00f3ximas dar\u00e1 a conocer otras importantes obras de infraestructura que se realizar\u00e1n en el municipio de Carmen, relacionados con la seguridad, modernidad y conectividad.<\/p>\n<p>El titular del Ejecutivo estatal fue abordado por los medios de comunicaci\u00f3n de la isla momentos antes de iniciar un encuentro con el Consejo de la Cruz Roja Mexicana, delegaci\u00f3n Carmen, que encabeza su presidenta Mar\u00eda Elena Rosi\u00f1ol de la Cabada, donde se trataron asuntos que contribuir\u00e1n a mejorar los servicios que brinda la instituci\u00f3n.<\/p>\n<p><b>Entrevista al Gobernador del Estado, Alejandro Moreno C\u00e1rdenas<\/b><\/p>\n<\/p>\n<p><b>Pregunta.-<br \/>\n<\/b>(Inaudible)<\/p>\n<p><b>Gobernador<br \/>\nAlejandro Moreno C\u00e1rdenas.-<\/b> Vengo hoy porque recib\u00ed una invitaci\u00f3n importante,<br \/>\nya tiene tiempo, de nuestros amigos de la Cruz Roja, que est\u00e1n aqu\u00ed, que hacen<br \/>\nuna gran labor aqu\u00ed en el municipio de Carmen\u2026 Vamos a tener recorridos y vamos<br \/>\na supervisar pendientes que se tienen aqu\u00ed en la isla. Vamos a tener reuniones<br \/>\ncon todos los representantes del gobierno estatal; estamos afinando no s\u00f3lo el<br \/>\ninicio de a\u00f1o\u2026 Uno de los compromisos que tenemos pendientes, de trabajo<br \/>\ncomprometido en los tres \u00f3rdenes de gobierno. Vengo a varias reuniones con<br \/>\ndirectivos de Petr\u00f3leos Mexicanos, vamos a preparar la visita del Director<br \/>\nGeneral de Petr\u00f3leos Mexicanos, con el cual tenemos una gran relaci\u00f3n y<br \/>\nestaremos trabajando en los temas para fortalecer el trabajo econ\u00f3mico aqu\u00ed en<br \/>\nCarmen.<\/p>\n<p>Algo que es muy importante y que queremos<br \/>\ndejar en claro, es el compromiso de las obras que estamos haciendo aqu\u00ed en<br \/>\nCarmen\u2026 Mencionar\u00eda dos muy r\u00e1pidas, el tema del Puente de La Unidad, el tema<br \/>\nde la Unidad Deportiva, que estamos trabajando fuerte y que el d\u00eda jueves, los<br \/>\ninvito, el jueves haremos una supervisi\u00f3n y un recorrido en el tema del Puente<br \/>\nde La Unidad. Estaremos convocando a los medios, van en tiempo, van en forma y<br \/>\ncomo les dije, este a\u00f1o estaremos inaugurando el nuevo Puente de La Unidad.<\/p>\n<p><b>Pregunta<\/b>.- \u00bfViene el<br \/>\nDirector General de Pemex?<\/p>\n<p><b>Gobernador<br \/>\nAlejandro Moreno C\u00e1rdenas.-<\/b> Estamos en eso, estamos en las reuniones<br \/>\ncomprometidas con el trabajo decidido de siempre, con apoyos, con proyectos;<br \/>\ntrabajando los recursos para el (inaudible), para apoyos cercanos y prontos a<br \/>\nnuestros hermanos carmelitas. Estamos trabajando con la Secretar\u00eda de Pesca,<br \/>\nestamos trabajando con la Secretar\u00eda de Desarrollo Social, estamos trabajando<br \/>\nfuerte y siempre ser\u00e1 para que haya m\u00e1s apoyos, m\u00e1s programas y mejores resultados<br \/>\npara todo el pueblo carmelita.<\/p>\n<p><b>Pregunta.-<\/b> Siempre se habl\u00f3<br \/>\nde que se iba a obligar a algunos contratos que hicieran generar<br \/>\nafortunadamente mil empleos, \u00bfqu\u00e9 avances se hicieron?<\/p>\n<p><b>Gobernador<br \/>\nAlejandro Moreno C\u00e1rdenas.-<\/b> Estamos trabajando en ello, van a hacer anuncios<br \/>\nimportantes en las pr\u00f3ximas semanas; se est\u00e1 reactivando, como lo han visto<br \/>\nustedes, el trabajo y la apertura en Petr\u00f3leos Mexicanos. No ha sido f\u00e1cil pero<br \/>\nvamos construyendo m\u00e1s y mejores oportunidades para todo el pueblo de Carmen invirti\u00e9ndole,<br \/>\ncomo hoy les dije, en la gesti\u00f3n, en el trabajo comprometido, en la Zona<br \/>\nEcon\u00f3mica Especial que ha quedado como un logro fundamental para Campeche<br \/>\nporque Campeche tendr\u00e1 dos pol\u00edgonos en la Zona Econ\u00f3mica Especial, que ser\u00e1 el<br \/>\nPuerto de Seybaplaya, en el municipio de Champot\u00f3n; que ser\u00e1 importante el<br \/>\ntrabajo aqu\u00ed en Carmen, con el pol\u00edgono que se ha presentado y eso nos va a<br \/>\npermitir recibir, como se est\u00e1 haciendo, a empresas importantes con est\u00edmulos e<br \/>\nincentivos fiscales importantes tanto federales, estatales y municipales.<\/p>\n<p><b>Pregunta.-<\/b> \u00bfSe continuar\u00e1<br \/>\ncon la atracci\u00f3n de inversiones?<\/p>\n<p><b>Gobernador<br \/>\nAlejandro Moreno C\u00e1rdenas.-<\/b> Estamos trabajando en ello, estamos gestionando\u2026 Habr\u00e1<br \/>\ninversiones en Carmen, en el Puerto, habr\u00e1 m\u00e1s infraestructura y en los<br \/>\npr\u00f3ximos meses estar\u00e9 yo anunciando obras de infraestructura de gran calado, de<br \/>\ngran fortaleza para Carmen; en obras que les van a dar mejor calidad de vida a<br \/>\nlos carmelitas, mayor seguridad, mayor modernidad, mayor conectividad y mayor<br \/>\natenci\u00f3n para todos y cada uno de los habitantes de este municipio.<\/p>\n<p><b>Pregunta.-<\/b> En el tema del<br \/>\ncombate a la corrupci\u00f3n, \u00bfhay m\u00e1s investigaciones en contra de servidores<br \/>\np\u00fablicos, en la actual administraci\u00f3n?<\/p>\n<p><b>Gobernador<br \/>\nAlejandro Moreno C\u00e1rdenas.- <\/b>Ha quedado claro, se ha dicho, el Fiscal<br \/>\nGeneral en el Estado lo ha dejado claro; la Contralor\u00eda lo ha dejado claro;<br \/>\nnadie por encima de la ley. Nosotros seremos implacables con el combate a la<br \/>\ncorrupci\u00f3n y la impunidad\u2026 Nadie por encima de la ley, hay expedientes,<br \/>\nintegraciones por dejar en claro y comprobar, y de tener alg\u00fan tema en<br \/>\nespec\u00edfico la Fiscal\u00eda estar\u00e1 consignando los expedientes y como lo hemos<br \/>\nhecho, este es un gobierno de transparencia de recursos, de cara a la sociedad.<br \/>\nQue se ejerzan bien, recursos con eficiencia, con eficacia, y as\u00ed lo haremos<br \/>\npor los pr\u00f3ximos a\u00f1os en mi administraci\u00f3n.<\/p>\n<p><b>Pregunta.-<\/b> \u00bfC\u00f3mo se va a<br \/>\ntratar el tema del proceso electoral, Gobernador?<\/p>\n<p><b>Gobernador<br \/>\nAlejandro Moreno C\u00e1rdenas.-<\/b> Con pleno respeto\u2026 Fuimos el primer Estado en<br \/>\nconvocar, desde los primeros d\u00edas de este 2018; de convocar a la Fepade, a<br \/>\ntodas las autoridades encargadas, a las instituciones, al Instituto Nacional<br \/>\nElectoral, al Instituto Electoral del Estado, a todos los servidores p\u00fablicos<br \/>\nfederales, estatales y municipales, Presidentes Municipales, para dejarles<br \/>\nclaro que no hay, ni vamos a permitir a nadie que viole la ley. Ning\u00fan programa<br \/>\nfederal, estatal o municipal tiene color o tiene partido; los programas son de<br \/>\nla gente, son para los ciudadanos y quien desv\u00eda un peso, funcionario p\u00fablico<br \/>\nde cualquier nivel de gobierno, habremos de consignar, habremos de denunciar y<br \/>\nhabremos de aplicar la ley.<\/p>\n<p><b>Pregunta.-<\/b> \u00bfCon respecto a<br \/>\nlo que han se\u00f1alado los panistas, que la detenci\u00f3n de Pedro Ayala es<br \/>\n(inaudible)?<\/p>\n<p><b>Gobernador<br \/>\nAlejandro Moreno C\u00e1rdenas.-<\/b> Bueno, nosotros respetamos, respeto la opini\u00f3n de<br \/>\ntodos y cada uno de los partidos pol\u00edticos\u2026 Vivimos en apertura, en este<br \/>\nproceso electoral, la funci\u00f3n de mi gobierno siempre ha sido y ser\u00e1 respetar la<br \/>\nopini\u00f3n de los diferentes actores pol\u00edticos y sociales. En mi gobierno,<br \/>\nnosotros respetamos la pluralidad; y en el proceso electoral lo que haremos es<br \/>\ngarantizar paz, seguridad, tranquilidad, armon\u00eda y que sean los ciudadanos en<br \/>\npleno ejercicio de sus derechos, en plena libertad, quienes emitan su decisi\u00f3n<br \/>\nlibre y secretamente el d\u00eda de la jornada electoral.<\/p>\n<p>Ninguna investigaci\u00f3n, ninguna carpeta de<br \/>\ninvestigaci\u00f3n tiene sesgo o tiene tinte pol\u00edtico, simple y sencillamente aqu\u00ed<br \/>\nse aplica la ley porque muchas veces, luego se quieren escudar en que son<br \/>\ndecisiones que se toman para alg\u00fan partido pol\u00edtico por alg\u00fan inter\u00e9s que se<br \/>\ntiene\u2026 Para nada, aqu\u00ed nadie por encima de la ley y no se permitir\u00e1, en mi<br \/>\ngobierno, que amparados, cualquiera, en alg\u00fan dicho o en alguna declaraci\u00f3n de<br \/>\nque es pol\u00edtica, no se aplique la ley. Aqu\u00ed vamos a aplicar la ley al 100%,<br \/>\naqu\u00ed no hay colores, aqu\u00ed no hay partidos, aqu\u00ed no hay nombres, no hay<br \/>\napellidos, simple y sencillamente la ley se aplica.  Lo he dejado claro siempre, en mi gobierno,<br \/>\npol\u00edtica y di\u00e1logo, ley y firmeza\u2026 Esos son los principios indeclinables para<br \/>\nel buen ejercicio del gobierno.<\/p>\n<p><b>Pregunta<\/b>.- \u00bf(Inaudible)<br \/>\nque tendr\u00e1n los funcionarios que renunciar a su cargo?<\/p>\n<p><b>Gobernador<br \/>\nAlejandro Moreno C\u00e1rdenas.-<\/b> Claro, si no, no pudieran participar\u2026 Ah\u00ed est\u00e1n, les<br \/>\ndeseo lo mejor, qu\u00e9 bueno que han emprendido esos proyectos. Pero yo a mi<br \/>\ngobierno y ellos a su trabajo que tienen que hacer. Muchas gracias.<\/p><\/p>\n","protected":false},"excerpt":{"rendered":"<p>Implacables en el tema del combate a la corrupci\u00f3n y la impunidad, remarca.<\/p>\n","protected":false},"author":1018,"featured_media":0,"comment_status":"open","ping_status":"open","sticky":false,"template":"","format":"standard","meta":{"tdm_status":"","tdm_grid_status":"","footnotes":""},"categories":[27],"tags":[],"_links":{"self":[{"href":"https:\/\/dralvarez.com.mx\/larevista\/wp-json\/wp\/v2\/posts\/61877"}],"collection":[{"href":"https:\/\/dralvarez.com.mx\/larevista\/wp-json\/wp\/v2\/posts"}],"about":[{"href":"https:\/\/dralvarez.com.mx\/larevista\/wp-json\/wp\/v2\/types\/post"}],"author":[{"embeddable":true,"href":"https:\/\/dralvarez.com.mx\/larevista\/wp-json\/wp\/v2\/users\/1018"}],"replies":[{"embeddable":true,"href":"https:\/\/dralvarez.com.mx\/larevista\/wp-json\/wp\/v2\/comments?post=61877"}],"version-history":[{"count":0,"href":"https:\/\/dralvarez.com.mx\/larevista\/wp-json\/wp\/v2\/posts\/61877\/revisions"}],"wp:attachment":[{"href":"https:\/\/dralvarez.com.mx\/larevista\/wp-json\/wp\/v2\/media?parent=61877"}],"wp:term":[{"taxonomy":"category","embeddable":true,"href":"https:\/\/dralvarez.com.mx\/larevista\/wp-json\/wp\/v2\/categories?post=61877"},{"taxonomy":"post_tag","embeddable":true,"href":"https:\/\/dralvarez.com.mx\/larevista\/wp-json\/wp\/v2\/tags?post=61877"}],"curies":[{"name":"wp","href":"https:\/\/api.w.org\/{rel}","templated":true}]}}