{"id":61785,"date":"2018-01-19T00:00:00","date_gmt":"2018-01-19T06:00:00","guid":{"rendered":"https:\/\/dralvarez.com.mx\/larevista\/blog\/los-manglares-son-ejemplo-de-las-riquezas-naturales-del-estado-claudio-cetina-21485"},"modified":"2018-01-19T00:00:00","modified_gmt":"2018-01-19T06:00:00","slug":"los-manglares-son-ejemplo-de-las-riquezas-naturales-del-estado-claudio-cetina-21485","status":"publish","type":"post","link":"https:\/\/dralvarez.com.mx\/larevista\/compeche\/los-manglares-son-ejemplo-de-las-riquezas-naturales-del-estado-claudio-cetina-21485","title":{"rendered":"Los manglares son ejemplo de las riquezas naturales del estado: Claudio Cetina"},"content":{"rendered":"<p>Claudio Cetina G\u00f3mez, jefe de la Oficina del Gobernador, se\u00f1al\u00f3 que desde la Secretar\u00eda de Medio Ambiente y Recursos Naturales, el Gobierno del Estado hace una gran labor para cuidar los manglares y expres\u00f3 su reconocimiento a la sociedad por aportar su trabajo en la conservaci\u00f3n de la biodiversidad.<\/p>\n<p>En un recorrido por la zona de manglar de esta ciudad, Claudio Cetina platic\u00f3 con C\u00e9sar Uriel Romero Herrera, bi\u00f3logo de la reserva de la biosfera de Los Petenes, quien explic\u00f3 que estas \u00e1reas son importantes para la conservaci\u00f3n de la biodiversidad y generan bienestar a la sociedad, porque capturan carbono y regulan climas locales; adem\u00e1s, son una barrera natural ante los embates de huracanes. \u2028<\/p>\n<p>Asimismo, destac\u00f3 que en estos ecosistemas viven especies que se transforman en importantes pesquer\u00edas que sostienen la econom\u00eda de Campeche.<\/p>\n<p>Se\u00f1al\u00f3 que as\u00ed como fueron importantes puntos de comercio alrededor de toda la Pen\u00ednsula, para los mayas, en la actualidad tambi\u00e9n brindan la oportunidad de hacer turismo de bajo impacto y pesca deportiva, y son punto de inter\u00e9s mundial para la observaci\u00f3n de aves que migran a estos lugares de manera temporal. \u2028<\/p>\n<p>Claudio Cetina, enfatiz\u00f3 que los manglares tienen mucha historia, lo cual ser\u00eda importante darla a conocer no s\u00f3lo para valorar su potencial, sino generar mayor conciencia para su aprovechamiento y conservaci\u00f3n.<\/p>\n","protected":false},"excerpt":{"rendered":"<p>El Gobierno del Estado hace una gran labor para cuidar los manglares.<\/p>\n","protected":false},"author":1018,"featured_media":0,"comment_status":"open","ping_status":"open","sticky":false,"template":"","format":"standard","meta":{"tdm_status":"","tdm_grid_status":"","footnotes":""},"categories":[27],"tags":[],"_links":{"self":[{"href":"https:\/\/dralvarez.com.mx\/larevista\/wp-json\/wp\/v2\/posts\/61785"}],"collection":[{"href":"https:\/\/dralvarez.com.mx\/larevista\/wp-json\/wp\/v2\/posts"}],"about":[{"href":"https:\/\/dralvarez.com.mx\/larevista\/wp-json\/wp\/v2\/types\/post"}],"author":[{"embeddable":true,"href":"https:\/\/dralvarez.com.mx\/larevista\/wp-json\/wp\/v2\/users\/1018"}],"replies":[{"embeddable":true,"href":"https:\/\/dralvarez.com.mx\/larevista\/wp-json\/wp\/v2\/comments?post=61785"}],"version-history":[{"count":0,"href":"https:\/\/dralvarez.com.mx\/larevista\/wp-json\/wp\/v2\/posts\/61785\/revisions"}],"wp:attachment":[{"href":"https:\/\/dralvarez.com.mx\/larevista\/wp-json\/wp\/v2\/media?parent=61785"}],"wp:term":[{"taxonomy":"category","embeddable":true,"href":"https:\/\/dralvarez.com.mx\/larevista\/wp-json\/wp\/v2\/categories?post=61785"},{"taxonomy":"post_tag","embeddable":true,"href":"https:\/\/dralvarez.com.mx\/larevista\/wp-json\/wp\/v2\/tags?post=61785"}],"curies":[{"name":"wp","href":"https:\/\/api.w.org\/{rel}","templated":true}]}}