{"id":61776,"date":"2018-01-19T00:00:00","date_gmt":"2018-01-19T06:00:00","guid":{"rendered":"https:\/\/dralvarez.com.mx\/larevista\/blog\/gobernador-amc-en-comitiva-del-presidente-pena-nieto-durante-visita-a-paraguay-21476"},"modified":"2018-01-19T00:00:00","modified_gmt":"2018-01-19T06:00:00","slug":"gobernador-amc-en-comitiva-del-presidente-pena-nieto-durante-visita-a-paraguay-21476","status":"publish","type":"post","link":"https:\/\/dralvarez.com.mx\/larevista\/compeche\/gobernador-amc-en-comitiva-del-presidente-pena-nieto-durante-visita-a-paraguay-21476","title":{"rendered":"Gobernador AMC en comitiva del Presidente Pe\u00f1a Nieto durante visita a Paraguay"},"content":{"rendered":"<p>El  gobernador Alejandro Moreno C\u00e1rdenas acompa\u00f1a al presidente Enrique Pe\u00f1a Nieto en su visita oficial a la Rep\u00fablica del Paraguay, que este jueves realiza con el objetivo de fortalecer los lazos de amistad entre ambos pa\u00edses, y suscribir acuerdos en materia econ\u00f3mica; de gesti\u00f3n integral de riesgos de desastres; de ciencia, tecnolog\u00eda e innovaci\u00f3n, entre otros temas.<\/p>\n<p>El mandatario campechano fue invitado por el presidente Pe\u00f1a Nieto para formar parte de la comitiva oficial que sostendr\u00e1, desde la ma\u00f1ana y hasta horas de la tarde, una apretada agenda de trabajo en la ciudad capital de Asunci\u00f3n. <\/p>\n<p>Moreno C\u00e1rdenas, acompa\u00f1ar\u00e1 al titular del Ejecutivo federal en reuniones de trabajo que realizar\u00e1 con el presidente paraguayo, Horacio Cartes Jara; en la firma de acuerdos de cooperaci\u00f3n y de colaboraci\u00f3n, y en un encuentro con empresarios del pa\u00eds sudamericano, en la sede de la Uni\u00f3n Industrial Paraguaya.<\/p>\n<p>Participar\u00e1 igualmente en una ofrenda floral y en la ceremonia de Entrega de la llave de la Ciudad y del diploma de Hu\u00e9sped Ilustre al mandatario mexicano.<\/p>\n<p>La comitiva tambi\u00e9n est\u00e1 integrada por los secretarios de Relaciones Exteriores, Luis Videgaray Caso, y de Econom\u00eda, Ildefonso Guajardo Villarreal. La visita oficial concluir\u00e1 alrededor de las cinco de la tarde de este jueves.<\/p>\n","protected":false},"excerpt":{"rendered":"<p>Con el objetivo de fortalecer los lazos de amistad entre ambos pa\u00edses, y suscribir acuerdos en materia econ\u00f3mica.<\/p>\n","protected":false},"author":1018,"featured_media":0,"comment_status":"open","ping_status":"open","sticky":false,"template":"","format":"standard","meta":{"tdm_status":"","tdm_grid_status":"","footnotes":""},"categories":[27],"tags":[],"_links":{"self":[{"href":"https:\/\/dralvarez.com.mx\/larevista\/wp-json\/wp\/v2\/posts\/61776"}],"collection":[{"href":"https:\/\/dralvarez.com.mx\/larevista\/wp-json\/wp\/v2\/posts"}],"about":[{"href":"https:\/\/dralvarez.com.mx\/larevista\/wp-json\/wp\/v2\/types\/post"}],"author":[{"embeddable":true,"href":"https:\/\/dralvarez.com.mx\/larevista\/wp-json\/wp\/v2\/users\/1018"}],"replies":[{"embeddable":true,"href":"https:\/\/dralvarez.com.mx\/larevista\/wp-json\/wp\/v2\/comments?post=61776"}],"version-history":[{"count":0,"href":"https:\/\/dralvarez.com.mx\/larevista\/wp-json\/wp\/v2\/posts\/61776\/revisions"}],"wp:attachment":[{"href":"https:\/\/dralvarez.com.mx\/larevista\/wp-json\/wp\/v2\/media?parent=61776"}],"wp:term":[{"taxonomy":"category","embeddable":true,"href":"https:\/\/dralvarez.com.mx\/larevista\/wp-json\/wp\/v2\/categories?post=61776"},{"taxonomy":"post_tag","embeddable":true,"href":"https:\/\/dralvarez.com.mx\/larevista\/wp-json\/wp\/v2\/tags?post=61776"}],"curies":[{"name":"wp","href":"https:\/\/api.w.org\/{rel}","templated":true}]}}