{"id":61750,"date":"2018-01-18T00:00:00","date_gmt":"2018-01-18T06:00:00","guid":{"rendered":"https:\/\/dralvarez.com.mx\/larevista\/blog\/curso-de-capacitacion-sobre-la-operatividad-y-funcionamiento-de-centros-de-asistencia-social-temporal-para-adultos-mayores-21449"},"modified":"2018-01-18T00:00:00","modified_gmt":"2018-01-18T06:00:00","slug":"curso-de-capacitacion-sobre-la-operatividad-y-funcionamiento-de-centros-de-asistencia-social-temporal-para-adultos-mayores-21449","status":"publish","type":"post","link":"https:\/\/dralvarez.com.mx\/larevista\/compeche\/curso-de-capacitacion-sobre-la-operatividad-y-funcionamiento-de-centros-de-asistencia-social-temporal-para-adultos-mayores-21449","title":{"rendered":"Curso de capacitaci\u00f3n sobre la operatividad y funcionamiento de centros de asistencia social temporal para adultos mayores"},"content":{"rendered":"<p>El Sistema Estatal para el Desarrollo Integral de la Familia (DIF), a trav\u00e9s de la Direcci\u00f3n de Atenci\u00f3n Integral al Adulto Mayor (DAIAM), imparti\u00f3 el curso de capacitaci\u00f3n sobre la operatividad y funcionamiento de los Centros de Asistencia Social Temporal para Adultos Mayores, al personal que operar\u00e1 en la Estancia de D\u00eda \u201cTransformando Corazones\u201d, del municipio de Esc\u00e1rcega.<\/p>\n<p>En representaci\u00f3n de la Presidenta del Patronato del DIF Estatal, Christelle Casta\u00f1\u00f3n de Moreno, la Directora del DAIAM, Liliana Rendis Buenfil, acompa\u00f1ada por la Presidenta del Sistema DIF Municipal de Esc\u00e1rcega, Amantina Uc Paredes, exhort\u00f3 a los participantes para que aprovechen  las herramientas de c\u00f3mo deben operar y funcionar estos Centros, as\u00ed como las Leyes que lo rigen.<\/p>\n<p>Cabe mencionar, que la Direcci\u00f3n de Atenci\u00f3n Integral al Adulto Mayor capacit\u00f3 a 11 personas del SMDIF de Esc\u00e1rcega, d\u00e1ndoles a conocer los procedimientos, formatos y normas para su buen funcionamiento y operatividad, de igual manera se expuso el modelo de atenci\u00f3n de la Estancia de d\u00eda \u201cLa Alegr\u00eda de Vivir\u201d servicio que brinda esta Direcci\u00f3n.<\/p>\n<p>Como parte del entrenamiento se intercambiaron experiencias y dudas, finalizando con un recorrido por las Instalaciones de la Estancia, del Hogar de Ancianos y del Departamento de Atenci\u00f3n al Adulto Mayor.<\/p>\n","protected":false},"excerpt":{"rendered":"<p>Curso de capacitaci\u00f3n sobre la operatividad y funcionamiento de los Centros de Asistencia Social Temporal para Adultos Mayores.<\/p>\n","protected":false},"author":1018,"featured_media":0,"comment_status":"open","ping_status":"open","sticky":false,"template":"","format":"standard","meta":{"tdm_status":"","tdm_grid_status":"","footnotes":""},"categories":[27],"tags":[],"_links":{"self":[{"href":"https:\/\/dralvarez.com.mx\/larevista\/wp-json\/wp\/v2\/posts\/61750"}],"collection":[{"href":"https:\/\/dralvarez.com.mx\/larevista\/wp-json\/wp\/v2\/posts"}],"about":[{"href":"https:\/\/dralvarez.com.mx\/larevista\/wp-json\/wp\/v2\/types\/post"}],"author":[{"embeddable":true,"href":"https:\/\/dralvarez.com.mx\/larevista\/wp-json\/wp\/v2\/users\/1018"}],"replies":[{"embeddable":true,"href":"https:\/\/dralvarez.com.mx\/larevista\/wp-json\/wp\/v2\/comments?post=61750"}],"version-history":[{"count":0,"href":"https:\/\/dralvarez.com.mx\/larevista\/wp-json\/wp\/v2\/posts\/61750\/revisions"}],"wp:attachment":[{"href":"https:\/\/dralvarez.com.mx\/larevista\/wp-json\/wp\/v2\/media?parent=61750"}],"wp:term":[{"taxonomy":"category","embeddable":true,"href":"https:\/\/dralvarez.com.mx\/larevista\/wp-json\/wp\/v2\/categories?post=61750"},{"taxonomy":"post_tag","embeddable":true,"href":"https:\/\/dralvarez.com.mx\/larevista\/wp-json\/wp\/v2\/tags?post=61750"}],"curies":[{"name":"wp","href":"https:\/\/api.w.org\/{rel}","templated":true}]}}