{"id":61747,"date":"2018-01-18T00:00:00","date_gmt":"2018-01-18T06:00:00","guid":{"rendered":"https:\/\/dralvarez.com.mx\/larevista\/blog\/secont-firma-convenios-para-el-sublicenciamiento-para-el-uso-del-sistema-declaranet-plus-21446"},"modified":"2018-01-18T00:00:00","modified_gmt":"2018-01-18T06:00:00","slug":"secont-firma-convenios-para-el-sublicenciamiento-para-el-uso-del-sistema-declaranet-plus-21446","status":"publish","type":"post","link":"https:\/\/dralvarez.com.mx\/larevista\/compeche\/secont-firma-convenios-para-el-sublicenciamiento-para-el-uso-del-sistema-declaranet-plus-21446","title":{"rendered":"SECONT firma convenios para el Sublicenciamiento para el uso del Sistema Declaranet Plus"},"content":{"rendered":"<p>A fin de que est\u00e9n en posibilidad de llevar el registro y seguimiento de las declaraciones de situaci\u00f3n patrimonial de sus servidores p\u00fablicos y dar cumplimento a los establecido en la Ley General de Responsabilidades Administrativas, la Secretar\u00eda de la Contralor\u00eda del Gobierno del Estado (SECONT) firm\u00f3 un convenio espec\u00edfico de colaboraci\u00f3n con la Fiscal\u00eda Anticorrupci\u00f3n, el Tribunal Electoral y el Tribunal de Justicia Administrativa del Estado.<\/p>\n<p>Estas acciones forman parte de los trabajos de Coordinaci\u00f3n con la Secretar\u00eda de la Funci\u00f3n P\u00fablica (SFP), dentro del programa de &#8220;Fortalecimiento del Sistema Estatal de Control y Evaluaci\u00f3n de la Gesti\u00f3n P\u00fablica\u201d y \u201cColaboraci\u00f3n en Materia de Transparencia y Combate a la Corrupci\u00f3n\u201d.<\/p>\n<p>De esta forma, la SECONT firm\u00f3 el Convenio Espec\u00edfico de Colaboraci\u00f3n que otorga la sublicencia del Sistema DeclaraNetplus, el cual permitir\u00e1 llevar a cabo el control sobre las declaraciones y evoluciones del patrimonio de los servidores p\u00fablicos en el Estado de Campeche.<\/p>\n<p>La titular de la SECONT, Laura Luna Garc\u00eda, enfatiz\u00f3 que el objetivo del Gobierno que encabeza Alejandro Moreno C\u00e1rdenas, es abonar de manera transparente, austera y eficazmente al desarrollo de la Entidad, traduciendo los resultados en una mejor calidad de vida para los campechanos, siendo que con el Sistema Anticorrupci\u00f3n del Estado de Campeche, se permitir\u00e1 un trabajo conjunto entre autoridades y sociedad civil, que de manera coordinada establecer\u00e1n las bases para prevenir y, en su caso, combatir la corrupci\u00f3n y sancionar las faltas administrativas, establecer las pol\u00edticas y mecanismos de control.<\/p>\n<p>Asistieron a la firma del convenio por parte de la Fiscal\u00eda Anticorrupci\u00f3n del Estado, Jos\u00e9 \u00c1ngel Paredes Echavarr\u00eda; por el Tribunal de Justica Administrativa, Alfa Omega Burgos Che; y por el Tribunal Electoral del Estado, Carlos Francisco Huitz Guti\u00e9rrez.<\/p>\n","protected":false},"excerpt":{"rendered":"<p>A fin de que est\u00e9n en posibilidad de llevar el registro y seguimiento de las declaraciones de situaci\u00f3n patrimonial de sus servidores p\u00fablicos y dar c<\/p>\n","protected":false},"author":1018,"featured_media":0,"comment_status":"open","ping_status":"open","sticky":false,"template":"","format":"standard","meta":{"tdm_status":"","tdm_grid_status":"","footnotes":""},"categories":[27],"tags":[],"_links":{"self":[{"href":"https:\/\/dralvarez.com.mx\/larevista\/wp-json\/wp\/v2\/posts\/61747"}],"collection":[{"href":"https:\/\/dralvarez.com.mx\/larevista\/wp-json\/wp\/v2\/posts"}],"about":[{"href":"https:\/\/dralvarez.com.mx\/larevista\/wp-json\/wp\/v2\/types\/post"}],"author":[{"embeddable":true,"href":"https:\/\/dralvarez.com.mx\/larevista\/wp-json\/wp\/v2\/users\/1018"}],"replies":[{"embeddable":true,"href":"https:\/\/dralvarez.com.mx\/larevista\/wp-json\/wp\/v2\/comments?post=61747"}],"version-history":[{"count":0,"href":"https:\/\/dralvarez.com.mx\/larevista\/wp-json\/wp\/v2\/posts\/61747\/revisions"}],"wp:attachment":[{"href":"https:\/\/dralvarez.com.mx\/larevista\/wp-json\/wp\/v2\/media?parent=61747"}],"wp:term":[{"taxonomy":"category","embeddable":true,"href":"https:\/\/dralvarez.com.mx\/larevista\/wp-json\/wp\/v2\/categories?post=61747"},{"taxonomy":"post_tag","embeddable":true,"href":"https:\/\/dralvarez.com.mx\/larevista\/wp-json\/wp\/v2\/tags?post=61747"}],"curies":[{"name":"wp","href":"https:\/\/api.w.org\/{rel}","templated":true}]}}