{"id":61746,"date":"2018-01-18T00:00:00","date_gmt":"2018-01-18T06:00:00","guid":{"rendered":"https:\/\/dralvarez.com.mx\/larevista\/blog\/sectur-fortalece-promocion-en-madrid-espana-21445"},"modified":"2018-01-18T00:00:00","modified_gmt":"2018-01-18T06:00:00","slug":"sectur-fortalece-promocion-en-madrid-espana-21445","status":"publish","type":"post","link":"https:\/\/dralvarez.com.mx\/larevista\/compeche\/sectur-fortalece-promocion-en-madrid-espana-21445","title":{"rendered":"SECTUR fortalece promoci\u00f3n en Madrid, Espa\u00f1a"},"content":{"rendered":"<p>Con excelentes resultados en afluencia del mercado espa\u00f1ol en nuestra entidad en el  a\u00f1o 2017, la Secretar\u00eda de Turismo del Gobierno del Estado (SECTUR) fortalece la promoci\u00f3n en Madrid, Espa\u00f1a, participando en la 38\u00aa Edici\u00f3n de la Feria Internacional de Turismo (FITUR).<\/p>\n<p>FITUR es el punto de encuentro global para los profesionales del turismo y la feria l\u00edder para los mercados receptivos y emisores de Iberoam\u00e9rica; con m\u00e1s de 160 pa\u00edses participando del 17 al 21 de enero, dentro de los cuales Campeche est\u00e1 presente.<\/p>\n<p>Cabe se\u00f1alar que a esta Feria asisten m\u00e1s de siete mil 500 periodistas procedentes de 65 pa\u00edses, una expectaci\u00f3n que evidencia la importancia de FITUR en el circuito internacional del sector.<\/p>\n<p>Asimismo, el titular de la SECTUR, Jorge Manos Esparragoza, quien encabeza la delegaci\u00f3n campechana, acompa\u00f1\u00f3 al Secretario de Turismo Federal, Enrique de la Madrid Cordero, y dem\u00e1s titulares de Turismo del pa\u00eds, al corte inaugural del Pabell\u00f3n de M\u00e9xico en el recinto IFEMA; en el que participar\u00e1n expositores mexicanos de representaciones de diversos estados de la Rep\u00fablica, destinos, hoteles, tour-operadores y l\u00edneas a\u00e9reas con el prop\u00f3sito de fortalecer la industria tur\u00edstica del pa\u00eds; lugar donde tambi\u00e9n se estar\u00e1 ofreciendo informaci\u00f3n del destino resaltando la riqueza gastron\u00f3mica, artesanal y cultural de nuestra Entidad.<\/p>\n<p>La presencia de Campeche en esta importante feria internacional representa para el Gobierno del Estado, la oportunidad de promover a este sector estrat\u00e9gico y consolidar al turismo como uno de los principales motores de la econom\u00eda, atrayendo m\u00e1s turistas y nuevas inversiones para el desarrollo de los destinos de M\u00e9xico.<\/p>\n<p>De igual forma, el funcionario estatal ha mantenido reuniones con diferente operadores, como Viajes El Corte Ingl\u00e9s, Pangea, Native Tours, Le Petit Fut\u00e9, Atr\u00e1palo.com, Avasa, Barcel\u00f3 Viajes, Catai, Logitravel.com, Catai, Ilusi\u00f3n Travel, Minube, Viajes Meca, Hostel Tur, Grupo Gowaii, Luxotour Grandes Viajes y Travelplan.<\/p>\n<p>Durante entrevistas con medios de comunicaci\u00f3n espa\u00f1oles, Manos Esparragoza destac\u00f3 que &#8220;Campeche es un destino que se ha puesto de moda en el \u00faltimo a\u00f1o, por ello debemos fortalecer la promoci\u00f3n internacional y buscar nuevos mercados en donde podamos posicionar al Estado&#8221;.<\/p>\n","protected":false},"excerpt":{"rendered":"<p>Con excelentes resultados en afluencia del mercado espa\u00f1ol en nuestra entidad en el  a\u00f1o 2017.<\/p>\n","protected":false},"author":1018,"featured_media":0,"comment_status":"open","ping_status":"open","sticky":false,"template":"","format":"standard","meta":{"tdm_status":"","tdm_grid_status":"","footnotes":""},"categories":[27],"tags":[],"_links":{"self":[{"href":"https:\/\/dralvarez.com.mx\/larevista\/wp-json\/wp\/v2\/posts\/61746"}],"collection":[{"href":"https:\/\/dralvarez.com.mx\/larevista\/wp-json\/wp\/v2\/posts"}],"about":[{"href":"https:\/\/dralvarez.com.mx\/larevista\/wp-json\/wp\/v2\/types\/post"}],"author":[{"embeddable":true,"href":"https:\/\/dralvarez.com.mx\/larevista\/wp-json\/wp\/v2\/users\/1018"}],"replies":[{"embeddable":true,"href":"https:\/\/dralvarez.com.mx\/larevista\/wp-json\/wp\/v2\/comments?post=61746"}],"version-history":[{"count":0,"href":"https:\/\/dralvarez.com.mx\/larevista\/wp-json\/wp\/v2\/posts\/61746\/revisions"}],"wp:attachment":[{"href":"https:\/\/dralvarez.com.mx\/larevista\/wp-json\/wp\/v2\/media?parent=61746"}],"wp:term":[{"taxonomy":"category","embeddable":true,"href":"https:\/\/dralvarez.com.mx\/larevista\/wp-json\/wp\/v2\/categories?post=61746"},{"taxonomy":"post_tag","embeddable":true,"href":"https:\/\/dralvarez.com.mx\/larevista\/wp-json\/wp\/v2\/tags?post=61746"}],"curies":[{"name":"wp","href":"https:\/\/api.w.org\/{rel}","templated":true}]}}