{"id":61725,"date":"2018-01-17T00:00:00","date_gmt":"2018-01-17T06:00:00","guid":{"rendered":"https:\/\/dralvarez.com.mx\/larevista\/blog\/rehabilitacion-educativa-visible-en-todo-el-estado-en-calkini-mas-del-68-de-escuelas-atendidas-medina-farfan-21421"},"modified":"2018-01-17T00:00:00","modified_gmt":"2018-01-17T06:00:00","slug":"rehabilitacion-educativa-visible-en-todo-el-estado-en-calkini-mas-del-68-de-escuelas-atendidas-medina-farfan-21421","status":"publish","type":"post","link":"https:\/\/dralvarez.com.mx\/larevista\/compeche\/rehabilitacion-educativa-visible-en-todo-el-estado-en-calkini-mas-del-68-de-escuelas-atendidas-medina-farfan-21421","title":{"rendered":"Rehabilitaci\u00f3n educativa visible en todo el estado, en Calkin\u00ed m\u00e1s del 68% de escuelas atendidas: Medina Farf\u00e1n"},"content":{"rendered":"<\/p>\n<p>A dos a\u00f1os de la administraci\u00f3n del Gobernador Alejandro Moreno C\u00e1rdenas, la atenci\u00f3n de m\u00e1s del 63 por ciento de centros educativos en el Estado es una realidad, y muestra de ello es que m\u00e1s de 900 planteles educativos han sido atendido con acciones en materia de rehabilitaci\u00f3n, modernizaci\u00f3n o restauraci\u00f3n en el Estado, afirm\u00f3 el titular de la Secretar\u00eda de Educaci\u00f3n (SEDUC), Ricardo Medina Farf\u00e1n.<\/p>\n<p>Al realizar una gira de verificaci\u00f3n de obras en el municipio de Calkin\u00ed, en el que se ha atendido el 68 por ciento de los centros escolares con estos trabajos, precis\u00f3 que evidencia de esta atenci\u00f3n son los Jardines de Ni\u00f1os \u201cMar\u00eda Montessori\u201d y \u201cLilia Reyes de L\u00f3pez, mismos que recorri\u00f3 para constatar la conclusi\u00f3n de la inversi\u00f3n erogada a trav\u00e9s del programa de Certificados de Infraestructura Educativa Nacional (Escuelas al CIEN).<\/p>\n<p>Acompa\u00f1ado por el presidente municipal de Calkin\u00ed, Jos\u00e9 Emiliano Canul Ak\u00e9, y de la titular del Grupo de Participaci\u00f3n Ciudadana (GPC) de la SEDUC, Blanca Rosa Uribe de Medina, el funcionario estatal indic\u00f3 que desde el inicio de este gobierno se ha apostado por que se consoliden ambientes escolares favorables y \u00f3ptimos para el desarrollo pedag\u00f3gico de los alumnos.<\/p>\n<p>Al visitar el centro preescolar general \u201cMar\u00eda Montessori\u201d, en el que se invirti\u00f3 un recurso de un mill\u00f3n 277 mil 591 pesos a trav\u00e9s del Programa Escuelas al CIEN, indic\u00f3 que en este colegio se realiz\u00f3 la remodelaci\u00f3n de los espacios educativos existentes, pintura, instalaci\u00f3n el\u00e9ctrica exterior e interior, rehabilitaci\u00f3n de los ba\u00f1os, entre otros trabajos m\u00e1s.<\/p>\n<p>Ah\u00ed sostuvo una charla con el personal escolar a quienes reiter\u00f3 el inter\u00e9s por mantener las condiciones de esta escuela, as\u00ed como continuar fortaleciendo el apoyo para no solo cambiar el rostro en materia de infraestructura, sino tambi\u00e9n de su plan de trabajo diario a favor de los estudiantes de este municipio.<\/p>\n<p>M\u00e1s tarde, y en el marco de la \u201cGira de Reyes\u201d que organiza el Sistema DIF Estatal, junto con la Presidenta del Patronato, Christelle Casta\u00f1\u00f3n de Moreno, acudi\u00f3 al Jard\u00edn de Ni\u00f1os \u201cLilia Reyes de L\u00f3pez Hern\u00e1ndez\u201d, que tambi\u00e9n fue beneficiado con una inversi\u00f3n de poco m\u00e1s de un mill\u00f3n de pesos.<\/p>\n<p>En dicho centro educativo se llevaron a cabo acciones de mantenimiento y rehabilitaci\u00f3n del edificio \u201cB2\u201d, direcci\u00f3n y ba\u00f1os; se resanaron las aulas did\u00e1cticas, al igual que se realizaron trabajos de canceler\u00eda, pintura, e impermeabilizante.<\/p>\n<p>Por \u00faltimo, Medina Farf\u00e1n record\u00f3 que, en Calkin\u00ed, de las 120 escuelas que existen se han rehabilitado cerca de 80, lo que representa m\u00e1s del 68 por ciento de los centros escolares ubicados en este municipio.<\/p><\/p>\n","protected":false},"excerpt":{"rendered":"<p>A dos a\u00f1os de la administraci\u00f3n del Gobernador AMC la atenci\u00f3n de m\u00e1s del 63 por ciento de centros educativos en el Estado es una realidad.<\/p>\n","protected":false},"author":1018,"featured_media":0,"comment_status":"open","ping_status":"open","sticky":false,"template":"","format":"standard","meta":{"tdm_status":"","tdm_grid_status":"","footnotes":""},"categories":[27],"tags":[],"_links":{"self":[{"href":"https:\/\/dralvarez.com.mx\/larevista\/wp-json\/wp\/v2\/posts\/61725"}],"collection":[{"href":"https:\/\/dralvarez.com.mx\/larevista\/wp-json\/wp\/v2\/posts"}],"about":[{"href":"https:\/\/dralvarez.com.mx\/larevista\/wp-json\/wp\/v2\/types\/post"}],"author":[{"embeddable":true,"href":"https:\/\/dralvarez.com.mx\/larevista\/wp-json\/wp\/v2\/users\/1018"}],"replies":[{"embeddable":true,"href":"https:\/\/dralvarez.com.mx\/larevista\/wp-json\/wp\/v2\/comments?post=61725"}],"version-history":[{"count":0,"href":"https:\/\/dralvarez.com.mx\/larevista\/wp-json\/wp\/v2\/posts\/61725\/revisions"}],"wp:attachment":[{"href":"https:\/\/dralvarez.com.mx\/larevista\/wp-json\/wp\/v2\/media?parent=61725"}],"wp:term":[{"taxonomy":"category","embeddable":true,"href":"https:\/\/dralvarez.com.mx\/larevista\/wp-json\/wp\/v2\/categories?post=61725"},{"taxonomy":"post_tag","embeddable":true,"href":"https:\/\/dralvarez.com.mx\/larevista\/wp-json\/wp\/v2\/tags?post=61725"}],"curies":[{"name":"wp","href":"https:\/\/api.w.org\/{rel}","templated":true}]}}